{"id":4789,"date":"2023-08-07T13:29:15","date_gmt":"2023-08-07T11:29:15","guid":{"rendered":"https:\/\/www.malagacar.com\/nl\/blog\/?p=4789"},"modified":"2023-11-06T14:17:00","modified_gmt":"2023-11-06T13:17:00","slug":"witte-dorpen-genal-vallei","status":"publish","type":"post","link":"https:\/\/www.malagacar.com\/nl\/blog\/vrije-tijd\/witte-dorpen-genal-vallei\/","title":{"rendered":"De witte dorpen in de Genal-vallei"},"content":{"rendered":"<p>Ontdek de witte dorpen in de Genal-vallei, een bijna ongerept gebied met oude bossen en een uniek landschap.<\/p>\n<p>In de Serran\u00eda de Ronda vinden we nog een juweel van de provincie M\u00e1laga, de prachtige Genal-vallei.<\/p>\n<p>Dit gebied is een van de weinige bijna ongerepte plaatsen in de provincie, verscholen in het binnenland en bereikbaar na vele bochten op landwegen, en biedt de bezoeker prachtige uitzichten op het kristalheldere water van de Genal-rivier en uitgestrekte eeuwenoude bossen.<\/p>\n<p><!--more--><\/p>\n\n            <div class=\"banner\">\n                <div class=\"row\">\n                    <div class=\"col-sm-4\">\n                        <a href=\"\/nl\/autoverhuur\/quote.php\" data-wpel-link=\"internal\"><img decoding=\"async\" src=\"\/images\/banner-img.jpg\" alt=\"malagacar.com\"><\/a>\n                    <\/div>\n                    <div class=\"col-sm-8\">\n                      <a href=\"\/nl\/autoverhuur\/quote.php\" class=\"banner-title\" data-wpel-link=\"internal\">Goede autoverhuur <span>op Malaga Airport<\/span><\/a>   \n                        <div class=\"row\">\n                            <div class=\"col-sm-7\">\n                                <ul>\n                                    <li>Geen tankkosten<\/li>\n                                    <li>Gratis annuleringn<\/li>\n                                    <li>Huren zonder tussenpersonen<\/li>\n                                    <li>Betaal wanneer u de auto ophaalt<\/li>\n                                    <li><\/li>\n                                <\/ul>\n                            <\/div>\n                            <div class=\"col-sm-5\">\n                                <a class=\"btn-banner\" href=\"\/nl\/autoverhuur\/quote.php\" data-wpel-link=\"internal\">Bekijk prijzen<\/a>\n                                <img decoding=\"async\" class=\"zonturent\" src=\"\/images\/zontu-banner.png\" alt=\"\">\n                            <\/div>\n                        <\/div>\n                    <\/div>\n                 <\/div>  \n            <\/div>\n            \n<p>Dit smaragdgroene juweel herbergt in totaal 16 witte dorpen van Arabische oorsprong en heeft een speciaal microklimaat en overvloedige neerslag, wat heeft geleid tot een diverse flora en een uniek en ongerept landschap.<\/p>\n<p>Als u van wandelen houdt of gewoon deze hoek en zijn rijke lokale gastronomie wilt ontdekken, nodigen wij u uit om dit natuurparadijs, zijn dorpen en mensen te bezoeken.<\/p>\n<div id=\"ez-toc-container\" class=\"ez-toc-v2_0_87 counter-hierarchy ez-toc-counter ez-toc-light-blue ez-toc-container-direction\">\n<p class=\"ez-toc-title\" style=\"cursor:inherit\">Inhoudsopgave<\/p>\n<label for=\"ez-toc-cssicon-toggle-item-6a9a3edb980c3\" class=\"ez-toc-cssicon-toggle-label\"><span class=\"\"><span class=\"eztoc-hide\" style=\"display:none;\">Toggle<\/span><span class=\"ez-toc-icon-toggle-span\"><svg style=\"fill: #999;color:#999\" xmlns=\"http:\/\/www.w3.org\/2000\/svg\" class=\"list-377408\" width=\"20px\" height=\"20px\" viewBox=\"0 0 24 24\" fill=\"none\"><path d=\"M6 6H4v2h2V6zm14 0H8v2h12V6zM4 11h2v2H4v-2zm16 0H8v2h12v-2zM4 16h2v2H4v-2zm16 0H8v2h12v-2z\" fill=\"currentColor\"><\/path><\/svg><svg style=\"fill: #999;color:#999\" class=\"arrow-unsorted-368013\" xmlns=\"http:\/\/www.w3.org\/2000\/svg\" width=\"10px\" height=\"10px\" viewBox=\"0 0 24 24\" version=\"1.2\" baseProfile=\"tiny\"><path d=\"M18.2 9.3l-6.2-6.3-6.2 6.3c-.2.2-.3.4-.3.7s.1.5.3.7c.2.2.4.3.7.3h11c.3 0 .5-.1.7-.3.2-.2.3-.5.3-.7s-.1-.5-.3-.7zM5.8 14.7l6.2 6.3 6.2-6.3c.2-.2.3-.5.3-.7s-.1-.5-.3-.7c-.2-.2-.4-.3-.7-.3h-11c-.3 0-.5.1-.7.3-.2.2-.3.5-.3.7s.1.5.3.7z\"\/><\/svg><\/span><\/span><\/label><input type=\"checkbox\"  id=\"ez-toc-cssicon-toggle-item-6a9a3edb980c3\"  aria-label=\"Toggle\" \/><nav><ul class='ez-toc-list ez-toc-list-level-1 ' ><li class='ez-toc-page-1 ez-toc-heading-level-2'><a class=\"ez-toc-link ez-toc-heading-1\" href=\"https:\/\/www.malagacar.com\/nl\/blog\/vrije-tijd\/witte-dorpen-genal-vallei\/#Dorpen_van_het_Bovenste_Genal\" data-wpel-link=\"internal\">Dorpen van het Bovenste Genal<\/a><ul class='ez-toc-list-level-3' ><li class='ez-toc-heading-level-3'><a class=\"ez-toc-link ez-toc-heading-2\" href=\"https:\/\/www.malagacar.com\/nl\/blog\/vrije-tijd\/witte-dorpen-genal-vallei\/#Igualeja_%E2%80%93_Bron_van_de_Genal-rivier\" data-wpel-link=\"internal\">Igualeja &#8211; Bron van de Genal-rivier<\/a><\/li><li class='ez-toc-page-1 ez-toc-heading-level-3'><a class=\"ez-toc-link ez-toc-heading-3\" href=\"https:\/\/www.malagacar.com\/nl\/blog\/vrije-tijd\/witte-dorpen-genal-vallei\/#Pujerra_en_zijn_kastanjebossen\" data-wpel-link=\"internal\">Pujerra en zijn kastanjebossen<\/a><\/li><li class='ez-toc-page-1 ez-toc-heading-level-3'><a class=\"ez-toc-link ez-toc-heading-4\" href=\"https:\/\/www.malagacar.com\/nl\/blog\/vrije-tijd\/witte-dorpen-genal-vallei\/#Paura_%E2%80%93_Beschermde_natuur\" data-wpel-link=\"internal\">Paura &#8211; Beschermde natuur<\/a><\/li><li class='ez-toc-page-1 ez-toc-heading-level-3'><a class=\"ez-toc-link ez-toc-heading-5\" href=\"https:\/\/www.malagacar.com\/nl\/blog\/vrije-tijd\/witte-dorpen-genal-vallei\/#Cartajima_%E2%80%93_Het_hoogstgelegen_dorp\" data-wpel-link=\"internal\">Cartajima &#8211; Het hoogstgelegen dorp<\/a><\/li><li class='ez-toc-page-1 ez-toc-heading-level-3'><a class=\"ez-toc-link ez-toc-heading-6\" href=\"https:\/\/www.malagacar.com\/nl\/blog\/vrije-tijd\/witte-dorpen-genal-vallei\/#Juzcar_%E2%80%93_Het_Blauwe_Dorp\" data-wpel-link=\"internal\">J\u00fazcar &#8211; Het Blauwe Dorp<\/a><\/li><li class='ez-toc-page-1 ez-toc-heading-level-3'><a class=\"ez-toc-link ez-toc-heading-7\" href=\"https:\/\/www.malagacar.com\/nl\/blog\/vrije-tijd\/witte-dorpen-genal-vallei\/#Farajan_en_zijn_watervallen\" data-wpel-link=\"internal\">Faraj\u00e1n en zijn watervallen<\/a><\/li><li class='ez-toc-page-1 ez-toc-heading-level-3'><a class=\"ez-toc-link ez-toc-heading-8\" href=\"https:\/\/www.malagacar.com\/nl\/blog\/vrije-tijd\/witte-dorpen-genal-vallei\/#Alpandeire_%E2%80%93_Dorp_van_Fray_Leopoldo\" data-wpel-link=\"internal\">Alpandeire &#8211; Dorp van Fray Leopoldo<\/a><\/li><\/ul><\/li><li class='ez-toc-page-1 ez-toc-heading-level-2'><a class=\"ez-toc-link ez-toc-heading-9\" href=\"https:\/\/www.malagacar.com\/nl\/blog\/vrije-tijd\/witte-dorpen-genal-vallei\/#Dorpen_van_de_Beneden-Genal\" data-wpel-link=\"internal\">Dorpen van de Beneden-Genal<\/a><ul class='ez-toc-list-level-3' ><li class='ez-toc-heading-level-3'><a class=\"ez-toc-link ez-toc-heading-10\" href=\"https:\/\/www.malagacar.com\/nl\/blog\/vrije-tijd\/witte-dorpen-genal-vallei\/#Atajate_%E2%80%93_Kastanjes_en_Mosterd\" data-wpel-link=\"internal\">Atajate &#8211; Kastanjes en Mosterd<\/a><\/li><li class='ez-toc-page-1 ez-toc-heading-level-3'><a class=\"ez-toc-link ez-toc-heading-11\" href=\"https:\/\/www.malagacar.com\/nl\/blog\/vrije-tijd\/witte-dorpen-genal-vallei\/#Benadalid_en_zijn_Vesting\" data-wpel-link=\"internal\">Benadalid en zijn Vesting<\/a><\/li><li class='ez-toc-page-1 ez-toc-heading-level-3'><a class=\"ez-toc-link ez-toc-heading-12\" href=\"https:\/\/www.malagacar.com\/nl\/blog\/vrije-tijd\/witte-dorpen-genal-vallei\/#Benalauria_en_zijn_Prachtig_Uitzicht\" data-wpel-link=\"internal\">Benalaur\u00eda en zijn Prachtig Uitzicht<\/a><\/li><li class='ez-toc-page-1 ez-toc-heading-level-3'><a class=\"ez-toc-link ez-toc-heading-13\" href=\"https:\/\/www.malagacar.com\/nl\/blog\/vrije-tijd\/witte-dorpen-genal-vallei\/#Algatocin_en_zijn_Beroemde_Bakkerij\" data-wpel-link=\"internal\">Algatoc\u00edn en zijn Beroemde Bakkerij<\/a><\/li><li class='ez-toc-page-1 ez-toc-heading-level-3'><a class=\"ez-toc-link ez-toc-heading-14\" href=\"https:\/\/www.malagacar.com\/nl\/blog\/vrije-tijd\/witte-dorpen-genal-vallei\/#Benarraba_en_zijn_Afrikaanse_Uitzichtpunt\" data-wpel-link=\"internal\">Benarrab\u00e1 en zijn Afrikaanse Uitzichtpunt<\/a><\/li><li class='ez-toc-page-1 ez-toc-heading-level-3'><a class=\"ez-toc-link ez-toc-heading-15\" href=\"https:\/\/www.malagacar.com\/nl\/blog\/vrije-tijd\/witte-dorpen-genal-vallei\/#Gaucin_%E2%80%93_Het_Balkon_van_de_Serrania\" data-wpel-link=\"internal\">Gauc\u00edn &#8211; Het Balkon van de Serran\u00eda<\/a><\/li><li class='ez-toc-page-1 ez-toc-heading-level-3'><a class=\"ez-toc-link ez-toc-heading-16\" href=\"https:\/\/www.malagacar.com\/nl\/blog\/vrije-tijd\/witte-dorpen-genal-vallei\/#Jubrique_%E2%80%93_Perfect_Basiskamp\" data-wpel-link=\"internal\">Jubrique &#8211; Perfect Basiskamp<\/a><\/li><li class='ez-toc-page-1 ez-toc-heading-level-3'><a class=\"ez-toc-link ez-toc-heading-17\" href=\"https:\/\/www.malagacar.com\/nl\/blog\/vrije-tijd\/witte-dorpen-genal-vallei\/#Genalguacil_%E2%80%93_Het_Museumdorp\" data-wpel-link=\"internal\">Genalguacil &#8211; Het Museumdorp<\/a><\/li><\/ul><\/li><li class='ez-toc-page-1 ez-toc-heading-level-2'><a class=\"ez-toc-link ez-toc-heading-18\" href=\"https:\/\/www.malagacar.com\/nl\/blog\/vrije-tijd\/witte-dorpen-genal-vallei\/#Wist_je_dat%E2%80%A6\" data-wpel-link=\"internal\">Wist je dat&#8230;?<\/a><\/li><li class='ez-toc-page-1 ez-toc-heading-level-2'><a class=\"ez-toc-link ez-toc-heading-19\" href=\"https:\/\/www.malagacar.com\/nl\/blog\/vrije-tijd\/witte-dorpen-genal-vallei\/#Interactieve_Kaart_van_de_Witte_Dorpen_in_de_Genal-vallei\" data-wpel-link=\"internal\">Interactieve Kaart van de Witte Dorpen in de Genal-vallei<\/a><\/li><\/ul><\/nav><\/div>\n<h2><span class=\"ez-toc-section\" id=\"Dorpen_van_het_Bovenste_Genal\"><\/span>Dorpen van het Bovenste Genal<span class=\"ez-toc-section-end\"><\/span><\/h2>\n<h3><span class=\"ez-toc-section\" id=\"Igualeja_%E2%80%93_Bron_van_de_Genal-rivier\"><\/span>Igualeja &#8211; Bron van de Genal-rivier<span class=\"ez-toc-section-end\"><\/span><\/h3>\n<figure id=\"attachment_7018\" aria-describedby=\"caption-attachment-7018\" style=\"width: 621px\" class=\"wp-caption alignnone\"><a href=\"https:\/\/www.malagacar.com\/dk\/blog\/wp-content\/uploads\/2021\/10\/Igualeja-Foto-Santiago-Aguilera.jpg\" data-wpel-link=\"exclude\"><img loading=\"lazy\" decoding=\"async\" class=\"wp-image-7018\" src=\"https:\/\/www.malagacar.com\/dk\/blog\/wp-content\/uploads\/2021\/10\/Igualeja-Foto-Santiago-Aguilera.jpg\" alt=\"Hvide landsbyer i Genal-dalen, Igualeja\" width=\"621\" height=\"536\" \/><\/a><figcaption id=\"caption-attachment-7018\" class=\"wp-caption-text\">Igualeja Foto Santiago Aguilera<\/figcaption><\/figure>\n<p>De rivier Genal ontspringt in het dorp Igualeja, een klein wit dorp dat zich toelegt op de teelt van kastanjes, waarbij de soort Pilonga opvalt, <em><strong>een van de beste kastanjes<\/strong><\/em> op de internationale markt.<\/p>\n<figure id=\"attachment_7019\" aria-describedby=\"caption-attachment-7019\" style=\"width: 620px\" class=\"wp-caption alignnone\"><a href=\"https:\/\/www.malagacar.com\/dk\/blog\/wp-content\/uploads\/2021\/10\/Igualeja-Nacimiento-Rio-Genal-Foto-Juan-Portillo-Perez.jpg\" data-wpel-link=\"exclude\"><img loading=\"lazy\" decoding=\"async\" class=\"wp-image-7019\" src=\"https:\/\/www.malagacar.com\/dk\/blog\/wp-content\/uploads\/2021\/10\/Igualeja-Nacimiento-Rio-Genal-Foto-Juan-Portillo-Perez-1024x574.jpg\" alt=\"Igualeja Bron van de Rio Genal\" width=\"620\" height=\"347\" \/><\/a><figcaption id=\"caption-attachment-7019\" class=\"wp-caption-text\">Igualeja Bron van de Rio Genal Foto Juan Portillo P\u00e9rez<\/figcaption><\/figure>\n<p>Slechts een paar meter van het dorp bevindt zich de <a href=\"https:\/\/www.aventurasuractiva.com\/cueva-excentrica-espeleologia-en-malaga\/\" data-wpel-link=\"external\" target=\"_blank\" rel=\"external noopener noreferrer\" class=\"ext-link wpel-icon-right\"><strong>Excentrieke Grot<\/strong><span class=\"wpel-icon wpel-image wpel-icon-2\"><\/span><\/a>, een grot van grote schoonheid vanwege de kalksteenformaties: stalagmieten, stalactieten en excentrieken die de grot zijn naam geven. Vanwege de lage moeilijkheidsgraad is het de ideale grot voor beginners in de opwindende sport van speleologie.<\/p>\n<figure id=\"attachment_7020\" aria-describedby=\"caption-attachment-7020\" style=\"width: 451px\" class=\"wp-caption alignnone\"><a href=\"https:\/\/www.malagacar.com\/dk\/blog\/wp-content\/uploads\/2021\/10\/Igualeja-Cueva-de-la-Fuensanta-Foto-Francisco-Fernandez-De-La-Vega.jpg\" data-wpel-link=\"exclude\"><img loading=\"lazy\" decoding=\"async\" class=\"wp-image-7020\" src=\"https:\/\/www.malagacar.com\/dk\/blog\/wp-content\/uploads\/2021\/10\/Igualeja-Cueva-de-la-Fuensanta-Foto-Francisco-Fernandez-De-La-Vega.jpg\" alt=\"Igualeja Grot\" width=\"451\" height=\"726\" \/><\/a><figcaption id=\"caption-attachment-7020\" class=\"wp-caption-text\">Igualeja Grot Foto Francisco Fern\u00e1ndez De La Vega<\/figcaption><\/figure>\n<p>Het <a href=\"https:\/\/goo.gl\/maps\/ioRsExAM4Gfsi1ea9\" data-wpel-link=\"external\" target=\"_blank\" rel=\"external noopener noreferrer\" class=\"ext-link wpel-icon-right\"><strong>Klettersteig-pad<\/strong><span class=\"wpel-icon wpel-image wpel-icon-2\"><\/span><\/a> in Igualeja is veel moeilijker en wordt niet aanbevolen voor mensen die niet in goede fysieke conditie zijn en nog nooit eerder een Klettersteig-pad hebben bewandeld.<\/p>\n<ul>\n<li><a href=\"https:\/\/goo.gl\/maps\/tbqTurkwsSMjVWwZ6\" data-wpel-link=\"external\" target=\"_blank\" rel=\"external noopener noreferrer\" class=\"ext-link wpel-icon-right\"><strong>Routebeschrijving<\/strong><span class=\"wpel-icon wpel-image wpel-icon-2\"><\/span><\/a><\/li>\n<\/ul>\n<h3><span class=\"ez-toc-section\" id=\"Pujerra_en_zijn_kastanjebossen\"><\/span>Pujerra en zijn kastanjebossen<span class=\"ez-toc-section-end\"><\/span><\/h3>\n<figure id=\"attachment_7021\" aria-describedby=\"caption-attachment-7021\" style=\"width: 621px\" class=\"wp-caption alignnone\"><a href=\"https:\/\/www.malagacar.com\/dk\/blog\/wp-content\/uploads\/2021\/10\/Pujerra-Bosque-de-Cobre-2-Foto-Natalia-Yakubovich.jpg\" data-wpel-link=\"exclude\"><img loading=\"lazy\" decoding=\"async\" class=\"wp-image-7021\" src=\"https:\/\/www.malagacar.com\/dk\/blog\/wp-content\/uploads\/2021\/10\/Pujerra-Bosque-de-Cobre-2-Foto-Natalia-Yakubovich.jpg\" alt=\"Pujerra\" width=\"621\" height=\"726\" \/><\/a><figcaption id=\"caption-attachment-7021\" class=\"wp-caption-text\">Pujerra Koperbos Foto Natalia Yakubovich<\/figcaption><\/figure>\n<p>Dit kleine dorp met iets meer dan 300 inwoners ligt op bijna 800 meter boven de zeespiegel. Ten zuiden van Pujerra begint het zogenaamde <a href=\"https:\/\/goo.gl\/maps\/My3FDxb8VpnvKazB9\" data-wpel-link=\"external\" target=\"_blank\" rel=\"external noopener noreferrer\" class=\"ext-link wpel-icon-right\"><strong>Koperbos<\/strong><span class=\"wpel-icon wpel-image wpel-icon-2\"><\/span><\/a>, een wandelgebied dat door een groot kastanjebos loopt dat <em>in de herfst gewoon spectaculair is<\/em>.<\/p>\n<p>Maar niet minder indrukwekkend is het zicht op honderden bloeiende kastanjebomen in het voorjaar. We delen dit adembenemende uitzicht vanaf Mirador del Casta\u00f1ar op Google Street View!<br \/>\n<iframe loading=\"lazy\" style=\"border: 0;\" src=\"https:\/\/www.google.com\/maps\/embed?pb=!4v1632991313319!6m8!1m7!1smEUOi-Mt17xP6n45fR0iCg!2m2!1d36.61061350288708!2d-5.142613316303692!3f238.39160950867992!4f-2.156701926977405!5f0.7820865974627469\" width=\"600\" height=\"450\" allowfullscreen=\"allowfullscreen\"><\/iframe><br \/>\nWenn u een nog indrukwekkender uitzicht over het landschap van het bovenste Genal wilt, raden we u aan om naar de <a href=\"https:\/\/goo.gl\/maps\/AqVtLB7B1gLuaMQ86\" data-wpel-link=\"external\" target=\"_blank\" rel=\"external noopener noreferrer\" class=\"ext-link wpel-icon-right\"><strong>Mirador de la Cruz<\/strong><span class=\"wpel-icon wpel-image wpel-icon-2\"><\/span><\/a> in het bovenste deel van het dorp te klimmen.<\/p>\n<figure id=\"attachment_7022\" aria-describedby=\"caption-attachment-7022\" style=\"width: 622px\" class=\"wp-caption alignnone\"><a href=\"https:\/\/www.malagacar.com\/dk\/blog\/wp-content\/uploads\/2021\/10\/Pujerra-Mirador-de-la-Cruz-Foto-Miguel-Oliveros.jpg\" data-wpel-link=\"exclude\"><img loading=\"lazy\" decoding=\"async\" class=\"wp-image-7022\" src=\"https:\/\/www.malagacar.com\/dk\/blog\/wp-content\/uploads\/2021\/10\/Pujerra-Mirador-de-la-Cruz-Foto-Miguel-Oliveros-1024x602.jpg\" alt=\"Pujerra\" width=\"622\" height=\"366\" \/><\/a><figcaption id=\"caption-attachment-7022\" class=\"wp-caption-text\">Pujerra Mirador de la Cruz Foto Miguel Oliveros<\/figcaption><\/figure>\n<p>Een uniek festival in Pujerra is het <em>Tost\u00f3n of Kastanjefeest<\/em>, dat samenvalt met het feest van de Virgen de F\u00e1tima, de beschermheilige van Pujerra, waar eind oktober het einde van de kastanjeoogst wordt gevierd.<\/p>\n<ul>\n<li><a href=\"https:\/\/goo.gl\/maps\/Ex5dWxR5izaxsRnc8\" data-wpel-link=\"external\" target=\"_blank\" rel=\"external noopener noreferrer\" class=\"ext-link wpel-icon-right\"><strong>Routebeschrijving<\/strong><span class=\"wpel-icon wpel-image wpel-icon-2\"><\/span><\/a><\/li>\n<\/ul>\n<h3><span class=\"ez-toc-section\" id=\"Paura_%E2%80%93_Beschermde_natuur\"><\/span>Paura &#8211; Beschermde natuur<span class=\"ez-toc-section-end\"><\/span><\/h3>\n<figure id=\"attachment_7023\" aria-describedby=\"caption-attachment-7023\" style=\"width: 621px\" class=\"wp-caption alignnone\"><a href=\"https:\/\/www.malagacar.com\/dk\/blog\/wp-content\/uploads\/2021\/10\/Parauta-Foto-Otono-el-Asmar.jpg\" data-wpel-link=\"exclude\"><img loading=\"lazy\" decoding=\"async\" class=\"wp-image-7023\" src=\"https:\/\/www.malagacar.com\/dk\/blog\/wp-content\/uploads\/2021\/10\/Parauta-Foto-Otono-el-Asmar-1024x629.jpg\" alt=\"witte dorpen Genal-Tal, Parauta\" width=\"621\" height=\"382\" \/><\/a><figcaption id=\"caption-attachment-7023\" class=\"wp-caption-text\">Parauta Foto Oto\u00f1o el Asmar<\/figcaption><\/figure>\n<p>Het dorp Parauta ligt op ongeveer 800 meter boven zeeniveau en heeft momenteel ongeveer 240 inwoners. Het dorpscentrum weerspiegelt zijn historische Moorse verleden met smalle, steile geplaveide straten.<br \/>\nEen groot deel van het gemeentelijk gebied bevindt zich in het <strong>Nationaal Park Sierra de las Nieves<\/strong> en is vanwege zijn hoge ecologische waarde beschermd. In 1999 werd Parauta uitgeroepen tot ecologische gemeente.<br \/>\nBij de ingang van het dorp is een drinkfontein, de <a href=\"https:\/\/goo.gl\/maps\/zddNmnigR3Dw2rxb7\" data-wpel-link=\"external\" target=\"_blank\" rel=\"external noopener noreferrer\" class=\"ext-link wpel-icon-right\"><strong>Fuente de la Alquieria<\/strong><span class=\"wpel-icon wpel-image wpel-icon-2\"><\/span><\/a>.<br \/>\nElk jaar in november wordt het <em>Fiesta del Conejo<\/em> (Konijnenfeest) gevierd met een proeverij van rijst met konijn en traditionele producten.<\/p>\n<ul>\n<li><a href=\"https:\/\/goo.gl\/maps\/eevKvvEAAwvAZjE27\" data-wpel-link=\"external\" target=\"_blank\" rel=\"external noopener noreferrer\" class=\"ext-link wpel-icon-right\"><strong>Routebeschrijving<\/strong><span class=\"wpel-icon wpel-image wpel-icon-2\"><\/span><\/a><\/li>\n<\/ul>\n<h3><span class=\"ez-toc-section\" id=\"Cartajima_%E2%80%93_Het_hoogstgelegen_dorp\"><\/span>Cartajima &#8211; Het hoogstgelegen dorp<span class=\"ez-toc-section-end\"><\/span><\/h3>\n<figure id=\"attachment_7024\" aria-describedby=\"caption-attachment-7024\" style=\"width: 622px\" class=\"wp-caption alignnone\"><a href=\"https:\/\/www.malagacar.com\/dk\/blog\/wp-content\/uploads\/2021\/10\/Cartajima-Foto-Rafael-Vertedor.jpg\" data-wpel-link=\"exclude\"><img loading=\"lazy\" decoding=\"async\" class=\"wp-image-7024\" src=\"https:\/\/www.malagacar.com\/dk\/blog\/wp-content\/uploads\/2021\/10\/Cartajima-Foto-Rafael-Vertedor-1024x649.jpg\" alt=\"witte dorpen Genal-Tal, Cartajima\" width=\"622\" height=\"394\" \/><\/a><figcaption id=\"caption-attachment-7024\" class=\"wp-caption-text\">Cartajima Foto Rafael Vertedor<\/figcaption><\/figure>\n<p>Het dorp ligt op maar liefst 845 meter boven zeeniveau. Het is de hoogstgelegen gemeente in de hele regio. Dankzij deze indrukwekkende hoogte kun je genieten van een <em>adembenemend panoramisch uitzicht<\/em> vanuit het dorp; in het zuiden op de Genal-vallei en in het noorden op de bergkammen van de Serran\u00eda de Ronda. Ook hier is sprake van een dorp met minder dan 250 inwoners.<\/p>\n<p>In het dorp kun je de kerk Nuestra Se\u00f1ora del Rosario uit de 16e eeuw bezoeken, en aan de rand van het dorp is de Fuente de los Peces te vinden, een bron van Moorse oorsprong die de bijzondere charme van die tijd heeft behouden.<\/p>\n<ul>\n<li><a href=\"https:\/\/goo.gl\/maps\/LWmL7dd87aidWrSW6\" data-wpel-link=\"external\" target=\"_blank\" rel=\"external noopener noreferrer\" class=\"ext-link wpel-icon-right\"><strong>Routebeschrijving<\/strong><span class=\"wpel-icon wpel-image wpel-icon-2\"><\/span><\/a><\/li>\n<\/ul>\n<h3><span class=\"ez-toc-section\" id=\"Juzcar_%E2%80%93_Het_Blauwe_Dorp\"><\/span>J\u00fazcar &#8211; Het Blauwe Dorp<span class=\"ez-toc-section-end\"><\/span><\/h3>\n<figure id=\"attachment_6935\" aria-describedby=\"caption-attachment-6935\" style=\"width: 620px\" class=\"wp-caption alignnone\"><a href=\"https:\/\/www.malagacar.com\/dk\/blog\/wp-content\/uploads\/2021\/08\/Juzcar-vista-desde-el-Mirador-Foto-wllm-n.jpg\" data-wpel-link=\"exclude\"><img loading=\"lazy\" decoding=\"async\" class=\"wp-image-6935\" src=\"https:\/\/www.malagacar.com\/dk\/blog\/wp-content\/uploads\/2021\/08\/Juzcar-vista-desde-el-Mirador-Foto-wllm-n-1024x703.jpg\" alt=\"J\u00fazcar \" width=\"620\" height=\"426\" \/><\/a><figcaption id=\"caption-attachment-6935\" class=\"wp-caption-text\">J\u00fazcar Uitzicht vanaf het Mirador Foto wllm n<\/figcaption><\/figure>\n<p>De omgeving is vooral aantrekkelijk in de herfst, wanneer de bladeren verkleuren en kastanjes kunnen worden verzameld. Maar J\u00fazcar staat ook om een andere reden bekend:<\/p>\n<p>Het hele dorp is blauw geschilderd. Niet omdat het verwant is aan Chefchauen, maar omdat J\u00fazcar het Smurfendorp was. In 2011 werd het gekozen om de wereldpremi\u00e8re van de film &#8220;De Smurfen&#8221; te vieren, en het idee ontstond om het hele dorp blauw te verven, inclusief de kerk en de begraafplaats. En zo bleef het, zelfs na het referendum van slechts 230 inwoners.<\/p>\n<p>In J\u00fazcar zijn er 2 <a href=\"https:\/\/goo.gl\/maps\/ohSmgJxyvwHEge6N9\" data-wpel-link=\"external\" target=\"_blank\" rel=\"external noopener noreferrer\" class=\"ext-link wpel-icon-right\"><strong>ziplines<\/strong><span class=\"wpel-icon wpel-image wpel-icon-2\"><\/span><\/a>, geschikt voor zowel kinderen als volwassenen. Dit outdoor avonturenpark heeft ook een <em>tibetaanse brug<\/em> en diverse <em>klimwanden<\/em>.<\/p>\n<p>Vanaf het Mirador van het dorp kunnen we het in al zijn blauwe pracht zien.<\/p>\n<p>Vanuit J\u00fazcar leidt een korte route naar de <a href=\"https:\/\/goo.gl\/maps\/guQGtbjSeagm1bwk7\" data-wpel-link=\"external\" target=\"_blank\" rel=\"external noopener noreferrer\" class=\"ext-link wpel-icon-right\"><strong>Mirador del Nacimiento las Z\u00faas<\/strong><span class=\"wpel-icon wpel-image wpel-icon-2\"><\/span><\/a>, langs kastanjebomen, oude watermolens en een oude Romeinse weg, een goede route voor kinderen en om in de zomer een verfrissende duik te nemen.<\/p>\n<ul>\n<li><a href=\"https:\/\/goo.gl\/maps\/fy2Q8UUBUCEBrQo97\" data-wpel-link=\"external\" target=\"_blank\" rel=\"external noopener noreferrer\" class=\"ext-link wpel-icon-right\"><strong>Routebeschrijving<\/strong><span class=\"wpel-icon wpel-image wpel-icon-2\"><\/span><\/a><\/li>\n<\/ul>\n<h3><span class=\"ez-toc-section\" id=\"Farajan_en_zijn_watervallen\"><\/span>Faraj\u00e1n en zijn watervallen<span class=\"ez-toc-section-end\"><\/span><\/h3>\n<figure id=\"attachment_7025\" aria-describedby=\"caption-attachment-7025\" style=\"width: 621px\" class=\"wp-caption alignnone\"><a href=\"https:\/\/www.malagacar.com\/dk\/blog\/wp-content\/uploads\/2021\/10\/Farajan-Foto-Rafael-Alvarez.jpg\" data-wpel-link=\"exclude\"><img loading=\"lazy\" decoding=\"async\" class=\"wp-image-7025\" src=\"https:\/\/www.malagacar.com\/dk\/blog\/wp-content\/uploads\/2021\/10\/Farajan-Foto-Rafael-Alvarez-1024x645.jpg\" alt=\"Faraj\u00e1n\" width=\"621\" height=\"391\" \/><\/a><figcaption id=\"caption-attachment-7025\" class=\"wp-caption-text\">Faraj\u00e1n Foto Rafael \u00c1lvarez<\/figcaption><\/figure>\n<p>Het dorp met ongeveer 250 inwoners ligt op bijna 650 meter boven zeeniveau. Het is een van de weinige gemeenten in de Genal-vallei die bijna op het vlakke land liggen, boven op een zachte heuvel, omringd door weelderige vegetatie.<\/p>\n<p>De belangrijkste attractie van Faraj\u00e1n is de natuurlijke omgeving, zijn <em>schilderachtige schoonheid<\/em> en het gemakkelijke terrein om te wandelen.<\/p>\n<p>In het dorp begint de <a href=\"https:\/\/goo.gl\/maps\/URBxArZgnxf8crjG8\" data-wpel-link=\"external\" target=\"_blank\" rel=\"external noopener noreferrer\" class=\"ext-link wpel-icon-right\"><strong>Sendero de las Chorreras<\/strong><span class=\"wpel-icon wpel-image wpel-icon-2\"><\/span><\/a> met de Balastar-rivier, die twee spectaculaire watervallen van ongeveer 50 meter hoog vormt.<\/p>\n<figure id=\"attachment_7026\" aria-describedby=\"caption-attachment-7026\" style=\"width: 451px\" class=\"wp-caption alignnone\"><a href=\"https:\/\/www.malagacar.com\/dk\/blog\/wp-content\/uploads\/2021\/10\/Farajan-Chorreras-de-Farajan-Foto-Teresa-Perez.jpg\" data-wpel-link=\"exclude\"><img loading=\"lazy\" decoding=\"async\" class=\"wp-image-7026\" src=\"https:\/\/www.malagacar.com\/dk\/blog\/wp-content\/uploads\/2021\/10\/Farajan-Chorreras-de-Farajan-Foto-Teresa-Perez.jpg\" alt=\"Faraj\u00e1n \" width=\"451\" height=\"529\" \/><\/a><figcaption id=\"caption-attachment-7026\" class=\"wp-caption-text\">Faraj\u00e1n Chorreras de Faraj\u00e1n Foto Teresa P\u00e9rez<\/figcaption><\/figure>\n<p>Het is aan te raden om ze te bezoeken na het regenseizoen, wanneer er meer water is. Goede wandelschoenen zijn nodig, omdat het pad erg steil is, en zonwering.<\/p>\n<ul>\n<li><a href=\"https:\/\/goo.gl\/maps\/Z9numKAUJC95c4EB7\" data-wpel-link=\"external\" target=\"_blank\" rel=\"external noopener noreferrer\" class=\"ext-link wpel-icon-right\"><strong>Routebeschrijving<\/strong><span class=\"wpel-icon wpel-image wpel-icon-2\"><\/span><\/a><\/li>\n<\/ul>\n<h3><span class=\"ez-toc-section\" id=\"Alpandeire_%E2%80%93_Dorp_van_Fray_Leopoldo\"><\/span>Alpandeire &#8211; Dorp van Fray Leopoldo<span class=\"ez-toc-section-end\"><\/span><\/h3>\n<figure id=\"attachment_7027\" aria-describedby=\"caption-attachment-7027\" style=\"width: 621px\" class=\"wp-caption alignnone\"><a href=\"https:\/\/www.malagacar.com\/dk\/blog\/wp-content\/uploads\/2021\/10\/Alpandeire-Mirador-del-Cuervo-Foto-Xerxi-Del-Rio.jpg\" data-wpel-link=\"exclude\"><img loading=\"lazy\" decoding=\"async\" class=\"wp-image-7027\" src=\"https:\/\/www.malagacar.com\/dk\/blog\/wp-content\/uploads\/2021\/10\/Alpandeire-Mirador-del-Cuervo-Foto-Xerxi-Del-Rio-1024x700.jpg\" alt=\"witte dorpen Genal-Tal, Alpandeire\" width=\"621\" height=\"425\" \/><\/a><figcaption id=\"caption-attachment-7027\" class=\"wp-caption-text\">Alpandeire Mirador del Cuervo Foto Xerxi Del Rio<\/figcaption><\/figure>\n<p>Het dorp, dat op ongeveer 700 meter boven zeeniveau ligt en nauwelijks 250 inwoners heeft, is de geboorteplaats van Fray Leopoldo, een zalige kapucijnermonnik.<\/p>\n<p>We kunnen zijn geboortehuis bezoeken of de kerk San Antonio de Padua, die vanwege haar grote omvang, die in contrast staat met de kleine omvang van het dorp, bekend staat als de &#8220;<em>Kathedraal van de Serran\u00eda<\/em>&#8220;.<\/p>\n<figure id=\"attachment_7028\" aria-describedby=\"caption-attachment-7028\" style=\"width: 619px\" class=\"wp-caption alignnone\"><a href=\"https:\/\/www.malagacar.com\/dk\/blog\/wp-content\/uploads\/2021\/10\/Alpandeire-Iglesia-Foto-Diario-Ronda-scaled.jpg\" data-wpel-link=\"exclude\"><img loading=\"lazy\" decoding=\"async\" class=\"wp-image-7028\" src=\"https:\/\/www.malagacar.com\/dk\/blog\/wp-content\/uploads\/2021\/10\/Alpandeire-Iglesia-Foto-Diario-Ronda-1024x678.jpg\" alt=\"Alpandeire Kerk\" width=\"619\" height=\"410\" \/><\/a><figcaption id=\"caption-attachment-7028\" class=\"wp-caption-text\">Alpandeire Kerk Foto Diario Ronda<\/figcaption><\/figure>\n<p>In de kelder van dit gebouw bevindt zich het Pantheon, de eerste begraafplaats van Alpandeire, waar twee perfect bewaard gebleven mummies te vinden zijn.<\/p>\n<p>De <a href=\"https:\/\/goo.gl\/maps\/1wGU1mRrQs5bpvpZ9\" data-wpel-link=\"external\" target=\"_blank\" rel=\"external noopener noreferrer\" class=\"ext-link wpel-icon-right\"><strong>Mirador del Cuervo<\/strong><span class=\"wpel-icon wpel-image wpel-icon-2\"><\/span><\/a> bevindt zich boven het dorp.<\/p>\n<p>Noordwaarts van Alpandeire kunnen we de <a href=\"https:\/\/goo.gl\/maps\/rVQgKsTMkSktuJJ48\" data-wpel-link=\"external\" target=\"_blank\" rel=\"external noopener noreferrer\" class=\"ext-link wpel-icon-right\"><strong>Dolmen de Encinas Borrachas<\/strong><span class=\"wpel-icon wpel-image wpel-icon-2\"><\/span><\/a> bezoeken.<\/p>\n<ul>\n<li><a href=\"https:\/\/goo.gl\/maps\/PxA4wJHRJAJP2mu88\" data-wpel-link=\"external\" target=\"_blank\" rel=\"external noopener noreferrer\" class=\"ext-link wpel-icon-right\"><strong>Routebeschrijving<\/strong><span class=\"wpel-icon wpel-image wpel-icon-2\"><\/span><\/a><\/li>\n<\/ul>\n<h2><span class=\"ez-toc-section\" id=\"Dorpen_van_de_Beneden-Genal\"><\/span>Dorpen van de Beneden-Genal<span class=\"ez-toc-section-end\"><\/span><\/h2>\n<h3><span class=\"ez-toc-section\" id=\"Atajate_%E2%80%93_Kastanjes_en_Mosterd\"><\/span>Atajate &#8211; Kastanjes en Mosterd<span class=\"ez-toc-section-end\"><\/span><\/h3>\n<figure id=\"attachment_7029\" aria-describedby=\"caption-attachment-7029\" style=\"width: 620px\" class=\"wp-caption alignnone\"><a href=\"https:\/\/www.malagacar.com\/dk\/blog\/wp-content\/uploads\/2021\/10\/Atajate-Mirador-de-Atajate-Foto-Marie-Christine-Lambert.jpg\" data-wpel-link=\"exclude\"><img loading=\"lazy\" decoding=\"async\" class=\"wp-image-7029\" src=\"https:\/\/www.malagacar.com\/dk\/blog\/wp-content\/uploads\/2021\/10\/Atajate-Mirador-de-Atajate-Foto-Marie-Christine-Lambert-1024x718.jpg\" alt=\"Atajate \" width=\"620\" height=\"435\" \/><\/a><figcaption id=\"caption-attachment-7029\" class=\"wp-caption-text\">Atajate Mirador de Atajate Foto Marie-Christine Lambert<\/figcaption><\/figure>\n<p>Het dorp heeft twee uitkijkpunten, een voor de ingang, de <a href=\"https:\/\/goo.gl\/maps\/WDJD9KSdxFEa59789\" data-wpel-link=\"external\" target=\"_blank\" rel=\"external noopener noreferrer\" class=\"ext-link wpel-icon-right\"><strong>Mirador de los Casta\u00f1ares<\/strong><span class=\"wpel-icon wpel-image wpel-icon-2\"><\/span><\/a> en nog een boven het dorp, de <a href=\"https:\/\/goo.gl\/maps\/jZNjDYk8sRrejMh58\" data-wpel-link=\"external\" target=\"_blank\" rel=\"external noopener noreferrer\" class=\"ext-link wpel-icon-right\"><strong>Mirador de Atajate<\/strong><span class=\"wpel-icon wpel-image wpel-icon-2\"><\/span><\/a>.<\/p>\n<figure id=\"attachment_7030\" aria-describedby=\"caption-attachment-7030\" style=\"width: 620px\" class=\"wp-caption alignnone\"><a href=\"https:\/\/www.malagacar.com\/dk\/blog\/wp-content\/uploads\/2021\/10\/Atajate-Mirador-de-los-Castanares-Foto-Charles-Berson.jpg\" data-wpel-link=\"exclude\"><img loading=\"lazy\" decoding=\"async\" class=\"wp-image-7030\" src=\"https:\/\/www.malagacar.com\/dk\/blog\/wp-content\/uploads\/2021\/10\/Atajate-Mirador-de-los-Castanares-Foto-Charles-Berson-1024x710.jpg\" alt=\"Witte dorpen Genal-vallei, Atajate\" width=\"620\" height=\"430\" \/><\/a><figcaption id=\"caption-attachment-7030\" class=\"wp-caption-text\">Atajate Mirador de los Casta\u00f1ares Foto Charles Berson<\/figcaption><\/figure>\n<p>Avonturiers kunnen genieten van een <a href=\"https:\/\/goo.gl\/maps\/NEoVGUwjB4rW82tM8\" data-wpel-link=\"external\" target=\"_blank\" rel=\"external noopener noreferrer\" class=\"ext-link wpel-icon-right\"><strong>Klimroute<\/strong><span class=\"wpel-icon wpel-image wpel-icon-2\"><\/span><\/a> die bereikbaar is vanuit het dorp via een landweg. Het is een goede klimroute voor beginners met een apenbrug en een Tibetaanse brug.<\/p>\n<p>Het is een goede manier om de ochtend door te brengen en de dag af te sluiten in het dorpsrestaurant en te genieten van de gastronomie van de Sierra.<\/p>\n<figure id=\"attachment_7031\" aria-describedby=\"caption-attachment-7031\" style=\"width: 621px\" class=\"wp-caption alignnone\"><a href=\"https:\/\/www.malagacar.com\/dk\/blog\/wp-content\/uploads\/2021\/10\/Atajate-Via-ferrata-Foto-Adrian-Macias.jpg\" data-wpel-link=\"exclude\"><img loading=\"lazy\" decoding=\"async\" class=\"wp-image-7031\" src=\"https:\/\/www.malagacar.com\/dk\/blog\/wp-content\/uploads\/2021\/10\/Atajate-Via-ferrata-Foto-Adrian-Macias.jpg\" alt=\"Atajate Klimroute \" width=\"621\" height=\"723\" \/><\/a><figcaption id=\"caption-attachment-7031\" class=\"wp-caption-text\">Atajate Klimroute Foto Adrian Macias<\/figcaption><\/figure>\n<p>Bovendien is er een nieuwe <em><strong>Zip-lijn<\/strong><\/em> ge\u00efnstalleerd boven het dorp Atajate.<\/p>\n<p>Voor degenen die liever wat luxer zijn, kunnen ze de route volgen naar het <a href=\"https:\/\/goo.gl\/maps\/U1DBu77eo8MMe4mt9\" data-wpel-link=\"external\" target=\"_blank\" rel=\"external noopener noreferrer\" class=\"ext-link wpel-icon-right\"> <strong>Museo Abierto del Mosto<\/strong><span class=\"wpel-icon wpel-image wpel-icon-2\"><\/span><\/a>.<\/p>\n<p>Atajate produceert uitstekende mosterd en heeft een openluchtmuseum opgezet waar je aan de hand van teksten, illustraties en traditionele gereedschappen de hele cultuur rond wijn kunt ontdekken.<\/p>\n<figure id=\"attachment_7032\" aria-describedby=\"caption-attachment-7032\" style=\"width: 621px\" class=\"wp-caption alignnone\"><a href=\"https:\/\/www.malagacar.com\/dk\/blog\/wp-content\/uploads\/2021\/10\/Atajate-ferrata-y-Mosto-Miguel-Angel-Cerrejon.jpg\" data-wpel-link=\"exclude\"><img loading=\"lazy\" decoding=\"async\" class=\"wp-image-7032\" src=\"https:\/\/www.malagacar.com\/dk\/blog\/wp-content\/uploads\/2021\/10\/Atajate-ferrata-y-Mosto-Miguel-Angel-Cerrejon-1024x708.jpg\" alt=\"Atajate\" width=\"621\" height=\"430\" \/><\/a><figcaption id=\"caption-attachment-7032\" class=\"wp-caption-text\">Foto Miguel Angel Cerrejon<\/figcaption><\/figure>\n<ul>\n<li><a href=\"https:\/\/goo.gl\/maps\/EstUNBsGfqNZJiWC8\" data-wpel-link=\"external\" target=\"_blank\" rel=\"external noopener noreferrer\" class=\"ext-link wpel-icon-right\"><strong>Rijroute<\/strong><span class=\"wpel-icon wpel-image wpel-icon-2\"><\/span><\/a><\/li>\n<\/ul>\n<h3><span class=\"ez-toc-section\" id=\"Benadalid_en_zijn_Vesting\"><\/span>Benadalid en zijn Vesting<span class=\"ez-toc-section-end\"><\/span><\/h3>\n<figure id=\"attachment_7033\" aria-describedby=\"caption-attachment-7033\" style=\"width: 620px\" class=\"wp-caption alignnone\"><a href=\"https:\/\/www.malagacar.com\/dk\/blog\/wp-content\/uploads\/2021\/10\/Benadalid-Foto-Jobe-Lrdlpl.jpg\" data-wpel-link=\"exclude\"><img loading=\"lazy\" decoding=\"async\" class=\"wp-image-7033\" src=\"https:\/\/www.malagacar.com\/dk\/blog\/wp-content\/uploads\/2021\/10\/Benadalid-Foto-Jobe-Lrdlpl-1024x703.jpg\" alt=\"Witte dorpen Genal-vallei, Benadalid\" width=\"620\" height=\"426\" \/><\/a><figcaption id=\"caption-attachment-7033\" class=\"wp-caption-text\">Benadalid Foto Jobe Lrdlpl<\/figcaption><\/figure>\n<p>In dit dorp met ongeveer 250 inwoners, gelegen op 700 meter boven zeeniveau, bevindt zich het <a href=\"https:\/\/goo.gl\/maps\/yDNr2SqghihR3FcD9\" data-wpel-link=\"external\" target=\"_blank\" rel=\"external noopener noreferrer\" class=\"ext-link wpel-icon-right\"><strong>Castillo de Benadalid<\/strong><span class=\"wpel-icon wpel-image wpel-icon-2\"><\/span><\/a>, de overblijfselen van een kleine vesting van Romeinse oorsprong die sinds 1821 als dorpsbegraafplaats wordt gebruikt.<\/p>\n<figure id=\"attachment_7034\" aria-describedby=\"caption-attachment-7034\" style=\"width: 621px\" class=\"wp-caption alignnone\"><a href=\"https:\/\/www.malagacar.com\/dk\/blog\/wp-content\/uploads\/2021\/10\/Benadalid-castillo-Foto-Guillaume-Toussaint.jpg\" data-wpel-link=\"exclude\"><img loading=\"lazy\" decoding=\"async\" class=\"wp-image-7034\" src=\"https:\/\/www.malagacar.com\/dk\/blog\/wp-content\/uploads\/2021\/10\/Benadalid-castillo-Foto-Guillaume-Toussaint-1024x715.jpg\" alt=\"Benadalid Vesting\" width=\"621\" height=\"434\" \/><\/a><figcaption id=\"caption-attachment-7034\" class=\"wp-caption-text\">Benadalid Vesting Foto Guillaume Toussaint<\/figcaption><\/figure>\n<ul>\n<li><a href=\"https:\/\/goo.gl\/maps\/Jo4bgFfk5UUVsJBT6\" data-wpel-link=\"external\" target=\"_blank\" rel=\"external noopener noreferrer\" class=\"ext-link wpel-icon-right\"><strong>Routebeschrijving<\/strong><span class=\"wpel-icon wpel-image wpel-icon-2\"><\/span><\/a><\/li>\n<\/ul>\n<h3><span class=\"ez-toc-section\" id=\"Benalauria_en_zijn_Prachtig_Uitzicht\"><\/span>Benalaur\u00eda en zijn Prachtig Uitzicht<span class=\"ez-toc-section-end\"><\/span><\/h3>\n<figure id=\"attachment_7035\" aria-describedby=\"caption-attachment-7035\" style=\"width: 620px\" class=\"wp-caption alignnone\"><a href=\"https:\/\/www.malagacar.com\/dk\/blog\/wp-content\/uploads\/2021\/10\/Benalauria-Foto-Nono-Jesus-Totta-Calvin.jpg\" data-wpel-link=\"exclude\"><img loading=\"lazy\" decoding=\"async\" class=\"wp-image-7035\" src=\"https:\/\/www.malagacar.com\/dk\/blog\/wp-content\/uploads\/2021\/10\/Benalauria-Foto-Nono-Jesus-Totta-Calvin.jpg\" alt=\"Witte dorpen Genal-vallei, Benalauria \" width=\"620\" height=\"465\" \/><\/a><figcaption id=\"caption-attachment-7035\" class=\"wp-caption-text\">Benalauria Foto Nono Jes\u00fas Totta Calvin<\/figcaption><\/figure>\n<p>Benalaur\u00eda ligt bijna 670 meter boven zeeniveau en vanuit het dorp <em><strong>kun je Gibraltar en de Noord-Afrikaanse kust zien<\/strong><\/em>.<\/p>\n<p>Let op dat er binnen het dorp een vrij steile helling is om te bewandelen. De parkeerplaats bevindt zich in het bovenste deel van het dorp.<\/p>\n<p>Vanaf <a href=\"https:\/\/goo.gl\/maps\/wF8ieTywukZEsHxK9\" data-wpel-link=\"external\" target=\"_blank\" rel=\"external noopener noreferrer\" class=\"ext-link wpel-icon-right\"><strong>de Torre\u00f3n de Benalaur\u00eda<\/strong><span class=\"wpel-icon wpel-image wpel-icon-2\"><\/span><\/a> heb je een prachtig uitzicht op de Genal-vallei.<\/p>\n<p>Enkele kilometers van het dorp is er een <a href=\"https:\/\/goo.gl\/maps\/QaS3KmSkYPSRzpHi8\" data-wpel-link=\"external\" target=\"_blank\" rel=\"external noopener noreferrer\" class=\"ext-link wpel-icon-right\"><strong>Klimroute<\/strong><span class=\"wpel-icon wpel-image wpel-icon-2\"><\/span><\/a> met adembenemend uitzicht, ideaal voor beginners, met twee apenbruggen.<\/p>\n<p>Goede fysieke conditie en geen hoogtevrees zijn vereist. Betreed dit niet zonder gids of juiste kennis.<\/p>\n<figure id=\"attachment_7036\" aria-describedby=\"caption-attachment-7036\" style=\"width: 451px\" class=\"wp-caption alignnone\"><a href=\"https:\/\/www.malagacar.com\/dk\/blog\/wp-content\/uploads\/2021\/10\/Benalauria-Via-Ferrea-Foto-Nono-Jesus-Totta-Calvin.jpg\" data-wpel-link=\"exclude\"><img loading=\"lazy\" decoding=\"async\" class=\"wp-image-7036\" src=\"https:\/\/www.malagacar.com\/dk\/blog\/wp-content\/uploads\/2021\/10\/Benalauria-Via-Ferrea-Foto-Nono-Jesus-Totta-Calvin.jpg\" alt=\"Benalaur\u00eda Klimroute\" width=\"451\" height=\"530\" \/><\/a><figcaption id=\"caption-attachment-7036\" class=\"wp-caption-text\">Benalaur\u00eda Klimroute Foto Nono Jes\u00fas Totta Calvin<\/figcaption><\/figure>\n<p>Op Wikiloc zijn er verschillende <em><strong>Wandelroutes<\/strong><\/em> om de omgeving van Benalaur\u00eda te verkennen. Download gewoon de app en zoek naar het dorp om ze te vinden.<\/p>\n<p>In de eerste week van augustus viert het dorp het <em><strong>Festival van de Moren en Christenen<\/strong><\/em>, en als je in de zomer komt, mag je het gemeentelijke zwembad niet missen, want het biedt een prachtig uitzicht en heeft een ideaal restaurant waar je op elk moment kunt eten.<\/p>\n<ul>\n<li><a href=\"https:\/\/goo.gl\/maps\/r2cyJSRVueTpbimT9\" data-wpel-link=\"external\" target=\"_blank\" rel=\"external noopener noreferrer\" class=\"ext-link wpel-icon-right\"><strong>Routebeschrijving<\/strong><span class=\"wpel-icon wpel-image wpel-icon-2\"><\/span><\/a><\/li>\n<\/ul>\n<h3><span class=\"ez-toc-section\" id=\"Algatocin_en_zijn_Beroemde_Bakkerij\"><\/span>Algatoc\u00edn en zijn Beroemde Bakkerij<span class=\"ez-toc-section-end\"><\/span><\/h3>\n<figure id=\"attachment_7037\" aria-describedby=\"caption-attachment-7037\" style=\"width: 620px\" class=\"wp-caption alignnone\"><a href=\"https:\/\/www.malagacar.com\/dk\/blog\/wp-content\/uploads\/2021\/10\/Algatocin-Foto-ViatiogaNL.jpg\" data-wpel-link=\"exclude\"><img loading=\"lazy\" decoding=\"async\" class=\"wp-image-7037\" src=\"https:\/\/www.malagacar.com\/dk\/blog\/wp-content\/uploads\/2021\/10\/Algatocin-Foto-ViatiogaNL-1024x683.jpg\" alt=\"Witte dorpen Genal-vallei, Algatoc\u00edn \" width=\"620\" height=\"413\" \/><\/a><figcaption id=\"caption-attachment-7037\" class=\"wp-caption-text\">Algatoc\u00edn Foto ViatiogaNL<\/figcaption><\/figure>\n<p>Het is een charmant dorp met iets meer dan 800 inwoners op een hoogte van meer dan 700 meter, dat zich heeft aangepast aan het terrein, met steile, smalle en bochtige straatjes en lage, witgekalkte huizen.<\/p>\n<p>In het hoogste deel van het dorp kunnen we de <a href=\"https:\/\/goo.gl\/maps\/iBy6CTbDQP7XrDWT9\" data-wpel-link=\"external\" target=\"_blank\" rel=\"external noopener noreferrer\" class=\"ext-link wpel-icon-right\"><strong>Ermita del Santo<\/strong><span class=\"wpel-icon wpel-image wpel-icon-2\"><\/span><\/a> bezoeken. Vanaf het uitkijkpunt heb je een prachtig uitzicht op de Serran\u00eda de Ronda en kun je zelfs de rots van Gibraltar zien.<\/p>\n<figure id=\"attachment_7038\" aria-describedby=\"caption-attachment-7038\" style=\"width: 621px\" class=\"wp-caption alignnone\"><a href=\"https:\/\/www.malagacar.com\/dk\/blog\/wp-content\/uploads\/2021\/10\/Algatocin-Mirador-del-Genal-Foto-Gea-van-der-Schaaf.jpg\" data-wpel-link=\"exclude\"><img loading=\"lazy\" decoding=\"async\" class=\"wp-image-7038\" src=\"https:\/\/www.malagacar.com\/dk\/blog\/wp-content\/uploads\/2021\/10\/Algatocin-Mirador-del-Genal-Foto-Gea-van-der-Schaaf-1024x603.jpg\" alt=\"Algatocin\" width=\"621\" height=\"366\" \/><\/a><figcaption id=\"caption-attachment-7038\" class=\"wp-caption-text\">Algatocin Mirador del Genal Foto Gea van der Schaaf<\/figcaption><\/figure>\n<p>In het centrum van het dorp staat de kerk Nuestra Se\u00f1ora del Rosario uit de 16e eeuw, die volgens de overlevering is gebouwd boven het paleis van Algatosia, de dochter van een Moorse koning.<\/p>\n<p>De bakkerij Pan Pi\u00f1a in Algatoc\u00edn, ge\u00ebxploiteerd door bakker Juan Manuel Moreno, produceert een van de <em><strong>duurste broden ter wereld<\/strong><\/em>, gemaakt van goud en zilver.<\/p>\n<ul>\n<li><a href=\"https:\/\/goo.gl\/maps\/CeBzDnXiGCzMMo2x7\" data-wpel-link=\"external\" target=\"_blank\" rel=\"external noopener noreferrer\" class=\"ext-link wpel-icon-right\"><strong>Routebeschrijving<\/strong><span class=\"wpel-icon wpel-image wpel-icon-2\"><\/span><\/a><\/li>\n<\/ul>\n<h3><span class=\"ez-toc-section\" id=\"Benarraba_en_zijn_Afrikaanse_Uitzichtpunt\"><\/span>Benarrab\u00e1 en zijn Afrikaanse Uitzichtpunt<span class=\"ez-toc-section-end\"><\/span><\/h3>\n<figure id=\"attachment_7039\" aria-describedby=\"caption-attachment-7039\" style=\"width: 619px\" class=\"wp-caption alignnone\"><a href=\"https:\/\/www.malagacar.com\/dk\/blog\/wp-content\/uploads\/2021\/10\/Benarraba-Foto-g-m.jpg\" data-wpel-link=\"exclude\"><img loading=\"lazy\" decoding=\"async\" class=\"wp-image-7039\" src=\"https:\/\/www.malagacar.com\/dk\/blog\/wp-content\/uploads\/2021\/10\/Benarraba-Foto-g-m-1024x678.jpg\" alt=\"Witte dorpen Genal-vallei, Benarrab\u00e1\" width=\"619\" height=\"410\" \/><\/a><figcaption id=\"caption-attachment-7039\" class=\"wp-caption-text\">Benarrab\u00e1 Foto g m<\/figcaption><\/figure>\n<p>Het uitzichtpunt <a href=\"https:\/\/goo.gl\/maps\/jTXVwZVNZawsuAZN7\" data-wpel-link=\"external\" target=\"_blank\" rel=\"external noopener noreferrer\" class=\"ext-link wpel-icon-right\"><strong>Mirador de \u00c1frica<\/strong><span class=\"wpel-icon wpel-image wpel-icon-2\"><\/span><\/a> biedt een adembenemend uitzicht over de hele regio, de valleien van de rivier Guadiaro in het noorden en de rivier Genal in het zuiden, de Sierra Bermeja, het natuurpark Alcornocales en de Straat van Gibraltar, waarbij op heldere dagen het Afrikaanse Rifgebergte zichtbaar is.<\/p>\n<ul>\n<li><a href=\"https:\/\/goo.gl\/maps\/bEWHwR31wxj9nHc68\" data-wpel-link=\"external\" target=\"_blank\" rel=\"external noopener noreferrer\" class=\"ext-link wpel-icon-right\"><strong>Routebeschrijving<\/strong><span class=\"wpel-icon wpel-image wpel-icon-2\"><\/span><\/a><\/li>\n<\/ul>\n<h3><span class=\"ez-toc-section\" id=\"Gaucin_%E2%80%93_Het_Balkon_van_de_Serrania\"><\/span>Gauc\u00edn &#8211; Het Balkon van de Serran\u00eda<span class=\"ez-toc-section-end\"><\/span><\/h3>\n<figure id=\"attachment_7040\" aria-describedby=\"caption-attachment-7040\" style=\"width: 620px\" class=\"wp-caption alignnone\"><a href=\"https:\/\/www.malagacar.com\/dk\/blog\/wp-content\/uploads\/2021\/10\/Gaucin-Castillo-del-Aguila-FotoMatthias-Vorndran.jpg\" data-wpel-link=\"exclude\"><img loading=\"lazy\" decoding=\"async\" class=\"wp-image-7040\" src=\"https:\/\/www.malagacar.com\/dk\/blog\/wp-content\/uploads\/2021\/10\/Gaucin-Castillo-del-Aguila-FotoMatthias-Vorndran-1024x664.jpg\" alt=\"Gaucin Castillo del Aguila\" width=\"620\" height=\"402\" \/><\/a><figcaption id=\"caption-attachment-7040\" class=\"wp-caption-text\">Gaucin Castillo del Aguila Foto Matthias Vorndran<\/figcaption><\/figure>\n<p>Van het fort <a href=\"https:\/\/goo.gl\/maps\/y43wvkyayv57umG49\" data-wpel-link=\"external\" target=\"_blank\" rel=\"external noopener noreferrer\" class=\"ext-link wpel-icon-right\"><strong>Castillo del \u00c1guila<\/strong><span class=\"wpel-icon wpel-image wpel-icon-2\"><\/span><\/a> heeft men een spectaculair uitzicht over heel Gauc\u00edn. Het is een ru\u00efne, maar het terrein is erg mooi.<br \/>\nNaast het kasteel is er ook een <a href=\"https:\/\/goo.gl\/maps\/gUVGpXtdyjzNdH2s8\" data-wpel-link=\"external\" target=\"_blank\" rel=\"external noopener noreferrer\" class=\"ext-link wpel-icon-right\"><strong>Klimroute<\/strong><span class=\"wpel-icon wpel-image wpel-icon-2\"><\/span><\/a> (Via Ferrata Castillo del Aguila) met twee apenbruggen, niet geschikt voor beginners.<\/p>\n<figure id=\"attachment_7041\" aria-describedby=\"caption-attachment-7041\" style=\"width: 620px\" class=\"wp-caption alignnone\"><a href=\"https:\/\/www.malagacar.com\/dk\/blog\/wp-content\/uploads\/2021\/10\/Gaucin-via-ferrata-Foto-P-Majchi.jpg\" data-wpel-link=\"exclude\"><img loading=\"lazy\" decoding=\"async\" class=\"wp-image-7041\" src=\"https:\/\/www.malagacar.com\/dk\/blog\/wp-content\/uploads\/2021\/10\/Gaucin-via-ferrata-Foto-P-Majchi-1024x718.jpg\" alt=\"gauc\u00edn klimroute\" width=\"620\" height=\"435\" \/><\/a><figcaption id=\"caption-attachment-7041\" class=\"wp-caption-text\">Gauc\u00edn Klimroute Foto P Majchi<\/figcaption><\/figure>\n<p>Vanaf <a href=\"https:\/\/goo.gl\/maps\/dUxJV9yaYtELj9gL9\" data-wpel-link=\"external\" target=\"_blank\" rel=\"external noopener noreferrer\" class=\"ext-link wpel-icon-right\"><strong>Balc\u00f3n de la Serran\u00eda<\/strong><span class=\"wpel-icon wpel-image wpel-icon-2\"><\/span><\/a> heeft men een spectaculair uitzicht op de kust, de Rots van Gibraltar en tot aan het Rifgebergte aan de Afrikaanse kust.<\/p>\n<figure id=\"attachment_7042\" aria-describedby=\"caption-attachment-7042\" style=\"width: 621px\" class=\"wp-caption alignnone\"><a href=\"https:\/\/www.malagacar.com\/dk\/blog\/wp-content\/uploads\/2021\/10\/Gaucin-Mirador-Balcon-de-la-Serrania-Foto-Mariette-van-Straaten.jpg\" data-wpel-link=\"exclude\"><img loading=\"lazy\" decoding=\"async\" class=\"wp-image-7042\" src=\"https:\/\/www.malagacar.com\/dk\/blog\/wp-content\/uploads\/2021\/10\/Gaucin-Mirador-Balcon-de-la-Serrania-Foto-Mariette-van-Straaten-1024x612.jpg\" alt=\"Gauc\u00edn, Uitzichtpunt Balc\u00f3n de la Serran\u00eda\" width=\"621\" height=\"371\" \/><\/a><figcaption id=\"caption-attachment-7042\" class=\"wp-caption-text\">Gauc\u00edn Mirador Balc\u00f3n de la Serran\u00eda Foto Mariette van Straaten<\/figcaption><\/figure>\n<ul>\n<li><a href=\"https:\/\/goo.gl\/maps\/1FE7rsd57Fmy3Y9s7\" data-wpel-link=\"external\" target=\"_blank\" rel=\"external noopener noreferrer\" class=\"ext-link wpel-icon-right\"><strong>Routebeschrijving<\/strong><span class=\"wpel-icon wpel-image wpel-icon-2\"><\/span><\/a><\/li>\n<\/ul>\n<h3><span class=\"ez-toc-section\" id=\"Jubrique_%E2%80%93_Perfect_Basiskamp\"><\/span>Jubrique &#8211; Perfect Basiskamp<span class=\"ez-toc-section-end\"><\/span><\/h3>\n<figure id=\"attachment_7043\" aria-describedby=\"caption-attachment-7043\" style=\"width: 622px\" class=\"wp-caption alignnone\"><a href=\"https:\/\/www.malagacar.com\/dk\/blog\/wp-content\/uploads\/2021\/10\/Jubrique-Posada-Mirador-de-Jubrique.jpg\" data-wpel-link=\"exclude\"><img loading=\"lazy\" decoding=\"async\" class=\"wp-image-7043\" src=\"https:\/\/www.malagacar.com\/dk\/blog\/wp-content\/uploads\/2021\/10\/Jubrique-Posada-Mirador-de-Jubrique-1024x727.jpg\" alt=\"Witte dorpen Genal-vallei, Jubrique\" width=\"622\" height=\"441\" \/><\/a><figcaption id=\"caption-attachment-7043\" class=\"wp-caption-text\">Jubrique Posada Mirador de Jubrique<\/figcaption><\/figure>\n<p>Men moet in gedachten houden dat er binnen het dorp bijna 300 meter hoogteverschil is, de hellingen erg steil zijn en parkeren erg moeilijk is. Het is beter om aan de ingang van het dorp te parkeren en te voet verder te gaan.<\/p>\n<p>We verbleven in de <em><strong>Posada Mirador de Jubrique<\/strong><\/em> voor onze uitstapjes in de omgeving en een bezoek aan Genalguacil en we kunnen het ten zeerste aanbevelen.<\/p>\n<ul>\n<li><a href=\"https:\/\/goo.gl\/maps\/2mtAM27WcSdUDQKz8\" data-wpel-link=\"external\" target=\"_blank\" rel=\"external noopener noreferrer\" class=\"ext-link wpel-icon-right\"><strong>Routebeschrijving<\/strong><span class=\"wpel-icon wpel-image wpel-icon-2\"><\/span><\/a><\/li>\n<\/ul>\n<h3><span class=\"ez-toc-section\" id=\"Genalguacil_%E2%80%93_Het_Museumdorp\"><\/span>Genalguacil &#8211; Het Museumdorp<span class=\"ez-toc-section-end\"><\/span><\/h3>\n<figure id=\"attachment_6332\" aria-describedby=\"caption-attachment-6332\" style=\"width: 622px\" class=\"wp-caption alignnone\"><a href=\"https:\/\/www.malagacar.com\/dk\/blog\/wp-content\/uploads\/2020\/10\/desde-genalguacil-scaled.jpg\" data-wpel-link=\"exclude\"><img loading=\"lazy\" decoding=\"async\" class=\"wp-image-6332\" src=\"https:\/\/www.malagacar.com\/dk\/blog\/wp-content\/uploads\/2020\/10\/desde-genalguacil-1024x768.jpg\" alt=\"Witte dorpen, Genalguacil\" width=\"622\" height=\"467\" \/><\/a><figcaption id=\"caption-attachment-6332\" class=\"wp-caption-text\">Uitzicht vanuit Genalguacil<\/figcaption><\/figure>\n<p>Genalguacil is letterlijk een zeer pittoresk wit dorp, gelegen op 500 meter boven zeeniveau in het hart van de Serran\u00eda de Ronda.<\/p>\n<p>Dit kleine witte dorp staat bekend om zijn tweejaarlijkse kunstevenementen, waarbij internationale schilders, beeldhouwers, fotografen of keramisten samenleven met de inwoners van het dorp.<\/p>\n<figure id=\"attachment_7044\" aria-describedby=\"caption-attachment-7044\" style=\"width: 450px\" class=\"wp-caption alignnone\"><a href=\"https:\/\/www.malagacar.com\/dk\/blog\/wp-content\/uploads\/2021\/10\/Genalguacil-arte.jpg\" data-wpel-link=\"exclude\"><img loading=\"lazy\" decoding=\"async\" class=\"wp-image-7044\" src=\"https:\/\/www.malagacar.com\/dk\/blog\/wp-content\/uploads\/2021\/10\/Genalguacil-arte-768x1024.jpg\" alt=\"Witte dorpen Genal-vallei, Genalguacil\" width=\"450\" height=\"600\" \/><\/a><figcaption id=\"caption-attachment-7044\" class=\"wp-caption-text\">Kunst in de straten van Genalguacil<\/figcaption><\/figure>\n<p>De kunstwerken die in deze tijd zijn gemaakt, worden permanent tentoongesteld in het hele dorp en veranderen het in een openluchtkunstmuseum.<\/p>\n<p>We waren daar, <a href=\"https:\/\/www.malagacar.com\/dk\/blog\/freizeit\/genalguacil-kunstmuseumsdorf\/\" data-wpel-link=\"exclude\"><strong>ontdek Genalguacil<\/strong><\/a> in ons artikel!<\/p>\n<ul>\n<li><a href=\"https:\/\/goo.gl\/maps\/Ehd5HDmgGXMXo7aAA\" data-wpel-link=\"external\" target=\"_blank\" rel=\"external noopener noreferrer\" class=\"ext-link wpel-icon-right\"><strong>Routebeschrijving<\/strong><span class=\"wpel-icon wpel-image wpel-icon-2\"><\/span><\/a><\/li>\n<\/ul>\n<h2><span class=\"ez-toc-section\" id=\"Wist_je_dat%E2%80%A6\"><\/span>Wist je dat&#8230;?<span class=\"ez-toc-section-end\"><\/span><\/h2>\n<p>\u2022 <em><strong>Het duurste brood ter wereld wordt gemaakt in de Pan Pi\u00f1a-bakkerij in Algatoc\u00edn<\/strong><\/em>.<\/p>\n<p>Stamklanten zijn sjeiks, Russische zakenmensen en Chinese miljonairs.<\/p>\n<p>Het wordt gemaakt met met de hand gewonnen steenzout, biologisch meel van quinoa, chia, haver, gedroogde tomaten, geroosterde mout en water uit de bergen van Algatoc\u00edn, goud en zilver.<\/p>\n<p>Elk brood van 400 gram wordt verkocht voor 1.480 euro. Tussen februari 2020 en februari 2021 werden er 96 verkocht.<\/p>\n<p><a href=\"https:\/\/www.malagacar.com\/dk\/blog\/wp-content\/uploads\/2021\/10\/pan-pina.jpeg\" data-wpel-link=\"exclude\"><img loading=\"lazy\" decoding=\"async\" class=\"alignnone wp-image-7045\" src=\"https:\/\/www.malagacar.com\/dk\/blog\/wp-content\/uploads\/2021\/10\/pan-pina.jpeg\" alt=\"duurste brood ter wereld, Algatoc\u00edn, Pan Pi\u00f1a-bakkerij\" width=\"622\" height=\"415\" \/><\/a><\/p>\n<p>\u2022 <em><strong>Alpandeire is de geboorteplaats van een van de beroemdste historische bandieten<\/strong><\/em> van de Serran\u00eda de Ronda, Antonio Barbar\u00e1n Jim\u00e9nez, alias &#8220;El Barbar\u00e1n&#8221;.<\/p>\n<h2><span class=\"ez-toc-section\" id=\"Interactieve_Kaart_van_de_Witte_Dorpen_in_de_Genal-vallei\"><\/span>Interactieve Kaart van de Witte Dorpen in de Genal-vallei<span class=\"ez-toc-section-end\"><\/span><\/h2>\n<p><iframe loading=\"lazy\" src=\"https:\/\/www.google.com\/maps\/d\/u\/0\/embed?mid=1Upx1fbp6g_scdX40HSqKClnE4bkTwI5U\" width=\"640\" height=\"480\"><\/iframe><\/p>\n","protected":false},"excerpt":{"rendered":"<p>Ontdek de witte dorpen in de Genal-vallei, een bijna ongerept gebied met oude bossen en een uniek landschap. In de Serran\u00eda de Ronda vinden we nog een juweel van de provincie M\u00e1laga, de prachtige Genal-vallei. Dit gebied is een van de weinige bijna ongerepte plaatsen in de provincie, verscholen in het binnenland en bereikbaar na [&hellip;]<\/p>\n","protected":false},"author":1,"featured_media":4790,"comment_status":"open","ping_status":"closed","sticky":false,"template":"","format":"standard","meta":{"footnotes":""},"categories":[506],"tags":[],"class_list":["post-4789","post","type-post","status-publish","format-standard","has-post-thumbnail","hentry","category-vrije-tijd"],"yoast_head":"<!-- This site is optimized with the Yoast SEO plugin v28.4 - https:\/\/yoast.com\/product\/yoast-seo-wordpress\/ -->\n<title>De witte dorpen in de Genal-vallei - MalagaCar.com Blog<\/title>\n<meta name=\"description\" content=\"&quot;Ontdek de witte dorpen in de Genal-vallei, een bijna ongerept gebied met oude bossen en een uniek landschap\" \/>\n<meta name=\"robots\" content=\"index, follow, max-snippet:-1, max-image-preview:large, max-video-preview:-1\" \/>\n<link rel=\"canonical\" href=\"https:\/\/www.malagacar.com\/nl\/blog\/vrije-tijd\/witte-dorpen-genal-vallei\/\" \/>\n<meta property=\"og:locale\" content=\"nl_NL\" \/>\n<meta property=\"og:type\" content=\"article\" \/>\n<meta property=\"og:title\" content=\"De witte dorpen in de Genal-vallei - MalagaCar.com Blog\" \/>\n<meta property=\"og:description\" content=\"&quot;Ontdek de witte dorpen in de Genal-vallei, een bijna ongerept gebied met oude bossen en een uniek landschap\" \/>\n<meta property=\"og:url\" content=\"https:\/\/www.malagacar.com\/nl\/blog\/vrije-tijd\/witte-dorpen-genal-vallei\/\" \/>\n<meta property=\"og:site_name\" content=\"MalagaCar.com Blog\" \/>\n<meta property=\"article:publisher\" content=\"https:\/\/www.facebook.com\/malagacar\" \/>\n<meta property=\"article:published_time\" content=\"2023-08-07T11:29:15+00:00\" \/>\n<meta property=\"article:modified_time\" content=\"2023-11-06T13:17:00+00:00\" \/>\n<meta property=\"og:image\" content=\"https:\/\/www.malagacar.com\/nl\/blog\/wp-content\/uploads\/2023\/11\/algatocin-overview.jpg\" \/>\n\t<meta property=\"og:image:width\" content=\"1200\" \/>\n\t<meta property=\"og:image:height\" content=\"707\" \/>\n\t<meta property=\"og:image:type\" content=\"image\/jpeg\" \/>\n<meta name=\"author\" content=\"MalagaCar.com\" \/>\n<meta name=\"twitter:label1\" content=\"Geschreven door\" \/>\n\t<meta name=\"twitter:data1\" content=\"MalagaCar.com\" \/>\n\t<meta name=\"twitter:label2\" content=\"Geschatte leestijd\" \/>\n\t<meta name=\"twitter:data2\" content=\"17 minuten\" \/>\n<script type=\"application\/ld+json\" class=\"yoast-schema-graph\">{\"@context\":\"https:\\\/\\\/schema.org\",\"@graph\":[{\"@type\":\"Article\",\"@id\":\"https:\\\/\\\/www.malagacar.com\\\/nl\\\/blog\\\/vrije-tijd\\\/witte-dorpen-genal-vallei\\\/#article\",\"isPartOf\":{\"@id\":\"https:\\\/\\\/www.malagacar.com\\\/nl\\\/blog\\\/vrije-tijd\\\/witte-dorpen-genal-vallei\\\/\"},\"author\":{\"name\":\"MalagaCar.com\",\"@id\":\"https:\\\/\\\/www.malagacar.com\\\/nl\\\/blog\\\/#\\\/schema\\\/person\\\/fbc37b93c0f5bbdaa54a0a4fc59d8b8c\"},\"headline\":\"De witte dorpen in de Genal-vallei\",\"datePublished\":\"2023-08-07T11:29:15+00:00\",\"dateModified\":\"2023-11-06T13:17:00+00:00\",\"mainEntityOfPage\":{\"@id\":\"https:\\\/\\\/www.malagacar.com\\\/nl\\\/blog\\\/vrije-tijd\\\/witte-dorpen-genal-vallei\\\/\"},\"wordCount\":2314,\"commentCount\":0,\"publisher\":{\"@id\":\"https:\\\/\\\/www.malagacar.com\\\/nl\\\/blog\\\/#organization\"},\"image\":{\"@id\":\"https:\\\/\\\/www.malagacar.com\\\/nl\\\/blog\\\/vrije-tijd\\\/witte-dorpen-genal-vallei\\\/#primaryimage\"},\"thumbnailUrl\":\"https:\\\/\\\/www.malagacar.com\\\/nl\\\/blog\\\/wp-content\\\/uploads\\\/2023\\\/11\\\/algatocin-overview.jpg\",\"articleSection\":[\"Vrije Tijd\"],\"inLanguage\":\"nl-NL\",\"potentialAction\":[{\"@type\":\"CommentAction\",\"name\":\"Comment\",\"target\":[\"https:\\\/\\\/www.malagacar.com\\\/nl\\\/blog\\\/vrije-tijd\\\/witte-dorpen-genal-vallei\\\/#respond\"]}]},{\"@type\":\"WebPage\",\"@id\":\"https:\\\/\\\/www.malagacar.com\\\/nl\\\/blog\\\/vrije-tijd\\\/witte-dorpen-genal-vallei\\\/\",\"url\":\"https:\\\/\\\/www.malagacar.com\\\/nl\\\/blog\\\/vrije-tijd\\\/witte-dorpen-genal-vallei\\\/\",\"name\":\"De witte dorpen in de Genal-vallei - MalagaCar.com Blog\",\"isPartOf\":{\"@id\":\"https:\\\/\\\/www.malagacar.com\\\/nl\\\/blog\\\/#website\"},\"primaryImageOfPage\":{\"@id\":\"https:\\\/\\\/www.malagacar.com\\\/nl\\\/blog\\\/vrije-tijd\\\/witte-dorpen-genal-vallei\\\/#primaryimage\"},\"image\":{\"@id\":\"https:\\\/\\\/www.malagacar.com\\\/nl\\\/blog\\\/vrije-tijd\\\/witte-dorpen-genal-vallei\\\/#primaryimage\"},\"thumbnailUrl\":\"https:\\\/\\\/www.malagacar.com\\\/nl\\\/blog\\\/wp-content\\\/uploads\\\/2023\\\/11\\\/algatocin-overview.jpg\",\"datePublished\":\"2023-08-07T11:29:15+00:00\",\"dateModified\":\"2023-11-06T13:17:00+00:00\",\"description\":\"\\\"Ontdek de witte dorpen in de Genal-vallei, een bijna ongerept gebied met oude bossen en een uniek landschap\",\"breadcrumb\":{\"@id\":\"https:\\\/\\\/www.malagacar.com\\\/nl\\\/blog\\\/vrije-tijd\\\/witte-dorpen-genal-vallei\\\/#breadcrumb\"},\"inLanguage\":\"nl-NL\",\"potentialAction\":[{\"@type\":\"ReadAction\",\"target\":[\"https:\\\/\\\/www.malagacar.com\\\/nl\\\/blog\\\/vrije-tijd\\\/witte-dorpen-genal-vallei\\\/\"]}]},{\"@type\":\"ImageObject\",\"inLanguage\":\"nl-NL\",\"@id\":\"https:\\\/\\\/www.malagacar.com\\\/nl\\\/blog\\\/vrije-tijd\\\/witte-dorpen-genal-vallei\\\/#primaryimage\",\"url\":\"https:\\\/\\\/www.malagacar.com\\\/nl\\\/blog\\\/wp-content\\\/uploads\\\/2023\\\/11\\\/algatocin-overview.jpg\",\"contentUrl\":\"https:\\\/\\\/www.malagacar.com\\\/nl\\\/blog\\\/wp-content\\\/uploads\\\/2023\\\/11\\\/algatocin-overview.jpg\",\"width\":1200,\"height\":707,\"caption\":\"De witte dorpen in de Genal-vallei\"},{\"@type\":\"BreadcrumbList\",\"@id\":\"https:\\\/\\\/www.malagacar.com\\\/nl\\\/blog\\\/vrije-tijd\\\/witte-dorpen-genal-vallei\\\/#breadcrumb\",\"itemListElement\":[{\"@type\":\"ListItem\",\"position\":1,\"name\":\"Home\",\"item\":\"https:\\\/\\\/www.malagacar.com\\\/nl\\\/blog\\\/\"},{\"@type\":\"ListItem\",\"position\":2,\"name\":\"De witte dorpen in de Genal-vallei\"}]},{\"@type\":\"WebSite\",\"@id\":\"https:\\\/\\\/www.malagacar.com\\\/nl\\\/blog\\\/#website\",\"url\":\"https:\\\/\\\/www.malagacar.com\\\/nl\\\/blog\\\/\",\"name\":\"MalagaCar.com Blog\",\"description\":\"Nieuws en feiten over auto huren op de luchthaven van Malaga.\",\"publisher\":{\"@id\":\"https:\\\/\\\/www.malagacar.com\\\/nl\\\/blog\\\/#organization\"},\"potentialAction\":[{\"@type\":\"SearchAction\",\"target\":{\"@type\":\"EntryPoint\",\"urlTemplate\":\"https:\\\/\\\/www.malagacar.com\\\/nl\\\/blog\\\/?s={search_term_string}\"},\"query-input\":{\"@type\":\"PropertyValueSpecification\",\"valueRequired\":true,\"valueName\":\"search_term_string\"}}],\"inLanguage\":\"nl-NL\"},{\"@type\":\"Organization\",\"@id\":\"https:\\\/\\\/www.malagacar.com\\\/nl\\\/blog\\\/#organization\",\"name\":\"MalagaCar.com\",\"url\":\"https:\\\/\\\/www.malagacar.com\\\/nl\\\/blog\\\/\",\"logo\":{\"@type\":\"ImageObject\",\"inLanguage\":\"nl-NL\",\"@id\":\"https:\\\/\\\/www.malagacar.com\\\/nl\\\/blog\\\/#\\\/schema\\\/logo\\\/image\\\/\",\"url\":\"https:\\\/\\\/www.malagacar.com\\\/nl\\\/blog\\\/wp-content\\\/uploads\\\/2021\\\/06\\\/logo-malagacar-social.png\",\"contentUrl\":\"https:\\\/\\\/www.malagacar.com\\\/nl\\\/blog\\\/wp-content\\\/uploads\\\/2021\\\/06\\\/logo-malagacar-social.png\",\"width\":900,\"height\":900,\"caption\":\"MalagaCar.com\"},\"image\":{\"@id\":\"https:\\\/\\\/www.malagacar.com\\\/nl\\\/blog\\\/#\\\/schema\\\/logo\\\/image\\\/\"},\"sameAs\":[\"https:\\\/\\\/www.facebook.com\\\/malagacar\",\"https:\\\/\\\/x.com\\\/malagacarcom\",\"https:\\\/\\\/www.instagram.com\\\/malagacar\\\/\",\"https:\\\/\\\/www.linkedin.com\\\/company\\\/malagacar.com\",\"https:\\\/\\\/www.youtube.com\\\/c\\\/MalagacarAirport\"]},{\"@type\":\"Person\",\"@id\":\"https:\\\/\\\/www.malagacar.com\\\/nl\\\/blog\\\/#\\\/schema\\\/person\\\/fbc37b93c0f5bbdaa54a0a4fc59d8b8c\",\"name\":\"MalagaCar.com\",\"image\":{\"@type\":\"ImageObject\",\"inLanguage\":\"nl-NL\",\"@id\":\"https:\\\/\\\/secure.gravatar.com\\\/avatar\\\/296ebc31026e7be05868369e4c596b3239b1582b2fcf8a45de57333e2e82bb82?s=96&d=mm&r=g\",\"url\":\"https:\\\/\\\/secure.gravatar.com\\\/avatar\\\/296ebc31026e7be05868369e4c596b3239b1582b2fcf8a45de57333e2e82bb82?s=96&d=mm&r=g\",\"contentUrl\":\"https:\\\/\\\/secure.gravatar.com\\\/avatar\\\/296ebc31026e7be05868369e4c596b3239b1582b2fcf8a45de57333e2e82bb82?s=96&d=mm&r=g\",\"caption\":\"MalagaCar.com\"},\"sameAs\":[\"https:\\\/\\\/www.malagacar.com\\\/nl\\\/\"]}]}<\/script>\n<!-- \/ Yoast SEO plugin. -->","yoast_head_json":{"title":"De witte dorpen in de Genal-vallei - MalagaCar.com Blog","description":"\"Ontdek de witte dorpen in de Genal-vallei, een bijna ongerept gebied met oude bossen en een uniek landschap","robots":{"index":"index","follow":"follow","max-snippet":"max-snippet:-1","max-image-preview":"max-image-preview:large","max-video-preview":"max-video-preview:-1"},"canonical":"https:\/\/www.malagacar.com\/nl\/blog\/vrije-tijd\/witte-dorpen-genal-vallei\/","og_locale":"nl_NL","og_type":"article","og_title":"De witte dorpen in de Genal-vallei - MalagaCar.com Blog","og_description":"\"Ontdek de witte dorpen in de Genal-vallei, een bijna ongerept gebied met oude bossen en een uniek landschap","og_url":"https:\/\/www.malagacar.com\/nl\/blog\/vrije-tijd\/witte-dorpen-genal-vallei\/","og_site_name":"MalagaCar.com Blog","article_publisher":"https:\/\/www.facebook.com\/malagacar","article_published_time":"2023-08-07T11:29:15+00:00","article_modified_time":"2023-11-06T13:17:00+00:00","og_image":[{"width":1200,"height":707,"url":"https:\/\/www.malagacar.com\/nl\/blog\/wp-content\/uploads\/2023\/11\/algatocin-overview.jpg","type":"image\/jpeg"}],"author":"MalagaCar.com","twitter_misc":{"Geschreven door":"MalagaCar.com","Geschatte leestijd":"17 minuten"},"schema":{"@context":"https:\/\/schema.org","@graph":[{"@type":"Article","@id":"https:\/\/www.malagacar.com\/nl\/blog\/vrije-tijd\/witte-dorpen-genal-vallei\/#article","isPartOf":{"@id":"https:\/\/www.malagacar.com\/nl\/blog\/vrije-tijd\/witte-dorpen-genal-vallei\/"},"author":{"name":"MalagaCar.com","@id":"https:\/\/www.malagacar.com\/nl\/blog\/#\/schema\/person\/fbc37b93c0f5bbdaa54a0a4fc59d8b8c"},"headline":"De witte dorpen in de Genal-vallei","datePublished":"2023-08-07T11:29:15+00:00","dateModified":"2023-11-06T13:17:00+00:00","mainEntityOfPage":{"@id":"https:\/\/www.malagacar.com\/nl\/blog\/vrije-tijd\/witte-dorpen-genal-vallei\/"},"wordCount":2314,"commentCount":0,"publisher":{"@id":"https:\/\/www.malagacar.com\/nl\/blog\/#organization"},"image":{"@id":"https:\/\/www.malagacar.com\/nl\/blog\/vrije-tijd\/witte-dorpen-genal-vallei\/#primaryimage"},"thumbnailUrl":"https:\/\/www.malagacar.com\/nl\/blog\/wp-content\/uploads\/2023\/11\/algatocin-overview.jpg","articleSection":["Vrije Tijd"],"inLanguage":"nl-NL","potentialAction":[{"@type":"CommentAction","name":"Comment","target":["https:\/\/www.malagacar.com\/nl\/blog\/vrije-tijd\/witte-dorpen-genal-vallei\/#respond"]}]},{"@type":"WebPage","@id":"https:\/\/www.malagacar.com\/nl\/blog\/vrije-tijd\/witte-dorpen-genal-vallei\/","url":"https:\/\/www.malagacar.com\/nl\/blog\/vrije-tijd\/witte-dorpen-genal-vallei\/","name":"De witte dorpen in de Genal-vallei - MalagaCar.com Blog","isPartOf":{"@id":"https:\/\/www.malagacar.com\/nl\/blog\/#website"},"primaryImageOfPage":{"@id":"https:\/\/www.malagacar.com\/nl\/blog\/vrije-tijd\/witte-dorpen-genal-vallei\/#primaryimage"},"image":{"@id":"https:\/\/www.malagacar.com\/nl\/blog\/vrije-tijd\/witte-dorpen-genal-vallei\/#primaryimage"},"thumbnailUrl":"https:\/\/www.malagacar.com\/nl\/blog\/wp-content\/uploads\/2023\/11\/algatocin-overview.jpg","datePublished":"2023-08-07T11:29:15+00:00","dateModified":"2023-11-06T13:17:00+00:00","description":"\"Ontdek de witte dorpen in de Genal-vallei, een bijna ongerept gebied met oude bossen en een uniek landschap","breadcrumb":{"@id":"https:\/\/www.malagacar.com\/nl\/blog\/vrije-tijd\/witte-dorpen-genal-vallei\/#breadcrumb"},"inLanguage":"nl-NL","potentialAction":[{"@type":"ReadAction","target":["https:\/\/www.malagacar.com\/nl\/blog\/vrije-tijd\/witte-dorpen-genal-vallei\/"]}]},{"@type":"ImageObject","inLanguage":"nl-NL","@id":"https:\/\/www.malagacar.com\/nl\/blog\/vrije-tijd\/witte-dorpen-genal-vallei\/#primaryimage","url":"https:\/\/www.malagacar.com\/nl\/blog\/wp-content\/uploads\/2023\/11\/algatocin-overview.jpg","contentUrl":"https:\/\/www.malagacar.com\/nl\/blog\/wp-content\/uploads\/2023\/11\/algatocin-overview.jpg","width":1200,"height":707,"caption":"De witte dorpen in de Genal-vallei"},{"@type":"BreadcrumbList","@id":"https:\/\/www.malagacar.com\/nl\/blog\/vrije-tijd\/witte-dorpen-genal-vallei\/#breadcrumb","itemListElement":[{"@type":"ListItem","position":1,"name":"Home","item":"https:\/\/www.malagacar.com\/nl\/blog\/"},{"@type":"ListItem","position":2,"name":"De witte dorpen in de Genal-vallei"}]},{"@type":"WebSite","@id":"https:\/\/www.malagacar.com\/nl\/blog\/#website","url":"https:\/\/www.malagacar.com\/nl\/blog\/","name":"MalagaCar.com Blog","description":"Nieuws en feiten over auto huren op de luchthaven van Malaga.","publisher":{"@id":"https:\/\/www.malagacar.com\/nl\/blog\/#organization"},"potentialAction":[{"@type":"SearchAction","target":{"@type":"EntryPoint","urlTemplate":"https:\/\/www.malagacar.com\/nl\/blog\/?s={search_term_string}"},"query-input":{"@type":"PropertyValueSpecification","valueRequired":true,"valueName":"search_term_string"}}],"inLanguage":"nl-NL"},{"@type":"Organization","@id":"https:\/\/www.malagacar.com\/nl\/blog\/#organization","name":"MalagaCar.com","url":"https:\/\/www.malagacar.com\/nl\/blog\/","logo":{"@type":"ImageObject","inLanguage":"nl-NL","@id":"https:\/\/www.malagacar.com\/nl\/blog\/#\/schema\/logo\/image\/","url":"https:\/\/www.malagacar.com\/nl\/blog\/wp-content\/uploads\/2021\/06\/logo-malagacar-social.png","contentUrl":"https:\/\/www.malagacar.com\/nl\/blog\/wp-content\/uploads\/2021\/06\/logo-malagacar-social.png","width":900,"height":900,"caption":"MalagaCar.com"},"image":{"@id":"https:\/\/www.malagacar.com\/nl\/blog\/#\/schema\/logo\/image\/"},"sameAs":["https:\/\/www.facebook.com\/malagacar","https:\/\/x.com\/malagacarcom","https:\/\/www.instagram.com\/malagacar\/","https:\/\/www.linkedin.com\/company\/malagacar.com","https:\/\/www.youtube.com\/c\/MalagacarAirport"]},{"@type":"Person","@id":"https:\/\/www.malagacar.com\/nl\/blog\/#\/schema\/person\/fbc37b93c0f5bbdaa54a0a4fc59d8b8c","name":"MalagaCar.com","image":{"@type":"ImageObject","inLanguage":"nl-NL","@id":"https:\/\/secure.gravatar.com\/avatar\/296ebc31026e7be05868369e4c596b3239b1582b2fcf8a45de57333e2e82bb82?s=96&d=mm&r=g","url":"https:\/\/secure.gravatar.com\/avatar\/296ebc31026e7be05868369e4c596b3239b1582b2fcf8a45de57333e2e82bb82?s=96&d=mm&r=g","contentUrl":"https:\/\/secure.gravatar.com\/avatar\/296ebc31026e7be05868369e4c596b3239b1582b2fcf8a45de57333e2e82bb82?s=96&d=mm&r=g","caption":"MalagaCar.com"},"sameAs":["https:\/\/www.malagacar.com\/nl\/"]}]}},"_links":{"self":[{"href":"https:\/\/www.malagacar.com\/nl\/blog\/wp-json\/wp\/v2\/posts\/4789","targetHints":{"allow":["GET"]}}],"collection":[{"href":"https:\/\/www.malagacar.com\/nl\/blog\/wp-json\/wp\/v2\/posts"}],"about":[{"href":"https:\/\/www.malagacar.com\/nl\/blog\/wp-json\/wp\/v2\/types\/post"}],"author":[{"embeddable":true,"href":"https:\/\/www.malagacar.com\/nl\/blog\/wp-json\/wp\/v2\/users\/1"}],"replies":[{"embeddable":true,"href":"https:\/\/www.malagacar.com\/nl\/blog\/wp-json\/wp\/v2\/comments?post=4789"}],"version-history":[{"count":1,"href":"https:\/\/www.malagacar.com\/nl\/blog\/wp-json\/wp\/v2\/posts\/4789\/revisions"}],"predecessor-version":[{"id":4791,"href":"https:\/\/www.malagacar.com\/nl\/blog\/wp-json\/wp\/v2\/posts\/4789\/revisions\/4791"}],"wp:featuredmedia":[{"embeddable":true,"href":"https:\/\/www.malagacar.com\/nl\/blog\/wp-json\/wp\/v2\/media\/4790"}],"wp:attachment":[{"href":"https:\/\/www.malagacar.com\/nl\/blog\/wp-json\/wp\/v2\/media?parent=4789"}],"wp:term":[{"taxonomy":"category","embeddable":true,"href":"https:\/\/www.malagacar.com\/nl\/blog\/wp-json\/wp\/v2\/categories?post=4789"},{"taxonomy":"post_tag","embeddable":true,"href":"https:\/\/www.malagacar.com\/nl\/blog\/wp-json\/wp\/v2\/tags?post=4789"}],"curies":[{"name":"wp","href":"https:\/\/api.w.org\/{rel}","templated":true}]}}