{"id":4848,"date":"2022-07-26T13:04:30","date_gmt":"2022-07-26T11:04:30","guid":{"rendered":"https:\/\/www.malagacar.com\/nl\/blog\/?p=4848"},"modified":"2023-11-20T14:06:24","modified_gmt":"2023-11-20T13:06:24","slug":"strandpromenades-in-malaga","status":"publish","type":"post","link":"https:\/\/www.malagacar.com\/nl\/blog\/vrije-tijd\/strandpromenades-in-malaga\/","title":{"rendered":"Strandwandeling &#8211; Strandpromenades in M\u00e1laga"},"content":{"rendered":"<div id=\"ez-toc-container\" class=\"ez-toc-v2_0_87 counter-hierarchy ez-toc-counter ez-toc-light-blue ez-toc-container-direction\">\n<p class=\"ez-toc-title\" style=\"cursor:inherit\">Inhoudsopgave<\/p>\n<label for=\"ez-toc-cssicon-toggle-item-6a9a3ef388b5b\" class=\"ez-toc-cssicon-toggle-label\"><span class=\"\"><span class=\"eztoc-hide\" style=\"display:none;\">Toggle<\/span><span class=\"ez-toc-icon-toggle-span\"><svg style=\"fill: #999;color:#999\" xmlns=\"http:\/\/www.w3.org\/2000\/svg\" class=\"list-377408\" width=\"20px\" height=\"20px\" viewBox=\"0 0 24 24\" fill=\"none\"><path d=\"M6 6H4v2h2V6zm14 0H8v2h12V6zM4 11h2v2H4v-2zm16 0H8v2h12v-2zM4 16h2v2H4v-2zm16 0H8v2h12v-2z\" fill=\"currentColor\"><\/path><\/svg><svg style=\"fill: #999;color:#999\" class=\"arrow-unsorted-368013\" xmlns=\"http:\/\/www.w3.org\/2000\/svg\" width=\"10px\" height=\"10px\" viewBox=\"0 0 24 24\" version=\"1.2\" baseProfile=\"tiny\"><path d=\"M18.2 9.3l-6.2-6.3-6.2 6.3c-.2.2-.3.4-.3.7s.1.5.3.7c.2.2.4.3.7.3h11c.3 0 .5-.1.7-.3.2-.2.3-.5.3-.7s-.1-.5-.3-.7zM5.8 14.7l6.2 6.3 6.2-6.3c.2-.2.3-.5.3-.7s-.1-.5-.3-.7c-.2-.2-.4-.3-.7-.3h-11c-.3 0-.5.1-.7.3-.2.2-.3.5-.3.7s.1.5.3.7z\"\/><\/svg><\/span><\/span><\/label><input type=\"checkbox\"  id=\"ez-toc-cssicon-toggle-item-6a9a3ef388b5b\"  aria-label=\"Toggle\" \/><nav><ul class='ez-toc-list ez-toc-list-level-1 ' ><li class='ez-toc-page-1 ez-toc-heading-level-2'><a class=\"ez-toc-link ez-toc-heading-1\" href=\"https:\/\/www.malagacar.com\/nl\/blog\/vrije-tijd\/strandpromenades-in-malaga\/#Strandwandeling_in_Malaga_%E2%80%93_Strandpromenades\" data-wpel-link=\"internal\">Strandwandeling in M\u00e1laga &#8211; Strandpromenades<\/a><\/li><li class='ez-toc-page-1 ez-toc-heading-level-2'><a class=\"ez-toc-link ez-toc-heading-2\" href=\"https:\/\/www.malagacar.com\/nl\/blog\/vrije-tijd\/strandpromenades-in-malaga\/#Strandpromenade_van_Nerja\" data-wpel-link=\"internal\">Strandpromenade van Nerja<\/a><\/li><li class='ez-toc-page-1 ez-toc-heading-level-2'><a class=\"ez-toc-link ez-toc-heading-3\" href=\"https:\/\/www.malagacar.com\/nl\/blog\/vrije-tijd\/strandpromenades-in-malaga\/#Strandpromenade_van_Malaga\" data-wpel-link=\"internal\">Strandpromenade van M\u00e1laga<\/a><\/li><li class='ez-toc-page-1 ez-toc-heading-level-2'><a class=\"ez-toc-link ez-toc-heading-4\" href=\"https:\/\/www.malagacar.com\/nl\/blog\/vrije-tijd\/strandpromenades-in-malaga\/#Strandpromenade_van_Torremolinos\" data-wpel-link=\"internal\">Strandpromenade van Torremolinos<\/a><\/li><li class='ez-toc-page-1 ez-toc-heading-level-2'><a class=\"ez-toc-link ez-toc-heading-5\" href=\"https:\/\/www.malagacar.com\/nl\/blog\/vrije-tijd\/strandpromenades-in-malaga\/#Strandpromenade_van_Benalmadena\" data-wpel-link=\"internal\">Strandpromenade van Benalm\u00e1dena<\/a><\/li><li class='ez-toc-page-1 ez-toc-heading-level-2'><a class=\"ez-toc-link ez-toc-heading-6\" href=\"https:\/\/www.malagacar.com\/nl\/blog\/vrije-tijd\/strandpromenades-in-malaga\/#Strandpromenade_van_Torremolinos-2\" data-wpel-link=\"internal\">Strandpromenade van Torremolinos<\/a><\/li><li class='ez-toc-page-1 ez-toc-heading-level-2'><a class=\"ez-toc-link ez-toc-heading-7\" href=\"https:\/\/www.malagacar.com\/nl\/blog\/vrije-tijd\/strandpromenades-in-malaga\/#Strandpromenade_van_Benalmadena-2\" data-wpel-link=\"internal\">Strandpromenade van Benalm\u00e1dena<\/a><\/li><li class='ez-toc-page-1 ez-toc-heading-level-2'><a class=\"ez-toc-link ez-toc-heading-8\" href=\"https:\/\/www.malagacar.com\/nl\/blog\/vrije-tijd\/strandpromenades-in-malaga\/#Strandpromenade_van_Fuengirola\" data-wpel-link=\"internal\">Strandpromenade van Fuengirola<\/a><\/li><li class='ez-toc-page-1 ez-toc-heading-level-2'><a class=\"ez-toc-link ez-toc-heading-9\" href=\"https:\/\/www.malagacar.com\/nl\/blog\/vrije-tijd\/strandpromenades-in-malaga\/#Strandpromenade_van_Marbella\" data-wpel-link=\"internal\">Strandpromenade van Marbella<\/a><\/li><li class='ez-toc-page-1 ez-toc-heading-level-2'><a class=\"ez-toc-link ez-toc-heading-10\" href=\"https:\/\/www.malagacar.com\/nl\/blog\/vrije-tijd\/strandpromenades-in-malaga\/#Strandpromenade_van_Estepona\" data-wpel-link=\"internal\">Strandpromenade van Estepona<\/a><\/li><li class='ez-toc-page-1 ez-toc-heading-level-2'><a class=\"ez-toc-link ez-toc-heading-11\" href=\"https:\/\/www.malagacar.com\/nl\/blog\/vrije-tijd\/strandpromenades-in-malaga\/#Kustwandelpad_van_de_Costa_del_Sol\" data-wpel-link=\"internal\">Kustwandelpad van de Costa del Sol<\/a><\/li><\/ul><\/nav><\/div>\n<h2><span class=\"ez-toc-section\" id=\"Strandwandeling_in_Malaga_%E2%80%93_Strandpromenades\"><\/span>Strandwandeling in M\u00e1laga &#8211; Strandpromenades<span class=\"ez-toc-section-end\"><\/span><\/h2>\n<p>Er zijn waarschijnlijk maar weinig dingen die we zo sterk associ\u00ebren met vakantie als de strandpromenades in M\u00e1laga. Geniet ervan met ons!<\/p>\n<p>Er zijn waarschijnlijk maar weinig dingen die we zo sterk associ\u00ebren met een vakantie aan zee als de strandpromenades in M\u00e1laga. Op elk moment van de dag en in elk seizoen te genieten.<\/p>\n<p>In de zomer vermengen culinaire aroma&#8217;s zich met de zachte zeewind. Van &#8217;s ochtends tot laat in de nacht zie je mensen joggen, skaten, fietsen of wandelen.<\/p>\n<p>En in de wintermaanden zijn lange wandelingen, een spectaculaire lucht en zonsondergangen, gevolgd door een koffie op een van de terrassen, onbetaalbaar!<\/p>\n<p>Een voorrecht en een genot, de strandpromenades van M\u00e1laga. Kom en geniet ervan met ons!<\/p>\n<p><!--more--><\/p>\n\n            <div class=\"banner\">\n                <div class=\"row\">\n                    <div class=\"col-sm-4\">\n                        <a href=\"\/nl\/autoverhuur\/quote.php\" data-wpel-link=\"internal\"><img decoding=\"async\" src=\"\/images\/banner-img.jpg\" alt=\"malagacar.com\"><\/a>\n                    <\/div>\n                    <div class=\"col-sm-8\">\n                      <a href=\"\/nl\/autoverhuur\/quote.php\" class=\"banner-title\" data-wpel-link=\"internal\">Goede autoverhuur <span>op Malaga Airport<\/span><\/a>   \n                        <div class=\"row\">\n                            <div class=\"col-sm-7\">\n                                <ul>\n                                    <li>Geen tankkosten<\/li>\n                                    <li>Gratis annuleringn<\/li>\n                                    <li>Huren zonder tussenpersonen<\/li>\n                                    <li>Betaal wanneer u de auto ophaalt<\/li>\n                                    <li><\/li>\n                                <\/ul>\n                            <\/div>\n                            <div class=\"col-sm-5\">\n                                <a class=\"btn-banner\" href=\"\/nl\/autoverhuur\/quote.php\" data-wpel-link=\"internal\">Bekijk prijzen<\/a>\n                                <img decoding=\"async\" class=\"zonturent\" src=\"\/images\/zontu-banner.png\" alt=\"\">\n                            <\/div>\n                        <\/div>\n                    <\/div>\n                 <\/div>  \n            <\/div>\n            \n<h2><span class=\"ez-toc-section\" id=\"Strandpromenade_van_Nerja\"><\/span>Strandpromenade van Nerja<span class=\"ez-toc-section-end\"><\/span><\/h2>\n<p>De Antonio Mercero-promenade bevindt zich in het meest oostelijke deel van Nerja langs het Burriana-strand en heeft een lengte van ongeveer 650 meter.<br \/>\n<a href=\"https:\/\/goo.gl\/maps\/kH8BxsYiXZN2\" data-wpel-link=\"external\" target=\"_blank\" rel=\"external noopener noreferrer\" class=\"ext-link wpel-icon-right\"><strong>Route<\/strong><span class=\"wpel-icon wpel-image wpel-icon-2\"><\/span><\/a><strong>\u00a0<\/strong><\/p>\n<figure id=\"attachment_8835\" aria-describedby=\"caption-attachment-8835\" style=\"width: 800px\" class=\"wp-caption alignnone\"><a href=\"https:\/\/www.malagacar.com\/dk\/blog\/wp-content\/uploads\/2015\/09\/Nerja-Balcon.jpg\" data-wpel-link=\"exclude\"><img loading=\"lazy\" decoding=\"async\" class=\"size-full wp-image-8835\" src=\"https:\/\/www.malagacar.com\/dk\/blog\/wp-content\/uploads\/2015\/09\/Nerja-Balcon.jpg\" alt=\"Balc\u00f3n de Europa, Nerja\" width=\"800\" height=\"600\" \/><\/a><figcaption id=\"caption-attachment-8835\" class=\"wp-caption-text\">Balc\u00f3n de Europa, Nerja<\/figcaption><\/figure>\n<p>Naast het beroemde Balc\u00f3n de Europa is er nog een ander prachtig uitkijkpunt van waaruit je het prachtige landschap van zee en bergen kunt overzien, dat de kenmerkende charme van Nerja vormt. Dit is de <a href=\"https:\/\/goo.gl\/maps\/Gs1okDjs97Qctdpr8\" data-wpel-link=\"external\" target=\"_blank\" rel=\"external noopener noreferrer\" class=\"ext-link wpel-icon-right\"><strong>Mirador del Benito<\/strong><span class=\"wpel-icon wpel-image wpel-icon-2\"><\/span><\/a>.<\/p>\n<figure id=\"attachment_8836\" aria-describedby=\"caption-attachment-8836\" style=\"width: 1197px\" class=\"wp-caption alignnone\"><a href=\"https:\/\/www.malagacar.com\/dk\/blog\/wp-content\/uploads\/2015\/09\/nerja-Mirador-del-bendito.jpg\" data-wpel-link=\"exclude\"><img loading=\"lazy\" decoding=\"async\" class=\"size-full wp-image-8836\" src=\"https:\/\/www.malagacar.com\/dk\/blog\/wp-content\/uploads\/2015\/09\/nerja-Mirador-del-bendito.jpg\" alt=\"Nerja Mirador del Bendito\" width=\"1197\" height=\"809\" \/><\/a><figcaption id=\"caption-attachment-8836\" class=\"wp-caption-text\">Nerja Mirador del Bendito<\/figcaption><\/figure>\n<p>Recentelijk is een kort maar mooi stukje wandelpromenade hersteld, de zogenaamde Paseo de los Carabineros, gelegen tussen het Balc\u00f3n de Europa en het Burriana-strand en heeft een wildere uitstraling.<\/p>\n<h2><span class=\"ez-toc-section\" id=\"Strandpromenade_van_Malaga\"><\/span>Strandpromenade van M\u00e1laga<span class=\"ez-toc-section-end\"><\/span><\/h2>\n<p>De delen van de strandpromenade, bekend als Ru\u00edz de Picasso en La Malagueta, bevinden zich in het oostelijke deel van de stad en hebben een lengte van ongeveer 2,7 km.<\/p>\n<figure id=\"attachment_8837\" aria-describedby=\"caption-attachment-8837\" style=\"width: 1200px\" class=\"wp-caption alignnone\"><a href=\"https:\/\/www.malagacar.com\/dk\/blog\/wp-content\/uploads\/2015\/09\/Malaga-Malagueta-Foto-DiarioSur.jpg\" data-wpel-link=\"exclude\"><img loading=\"lazy\" decoding=\"async\" class=\"size-full wp-image-8837\" src=\"https:\/\/www.malagacar.com\/dk\/blog\/wp-content\/uploads\/2015\/09\/Malaga-Malagueta-Foto-DiarioSur.jpg\" alt=\"strandpromenade M\u00e1laga La Malagueta \" width=\"1200\" height=\"800\" \/><\/a><figcaption id=\"caption-attachment-8837\" class=\"wp-caption-text\">M\u00e1laga La Malagueta Foto DiarioSur<\/figcaption><\/figure>\n<p>Deze promenade, op slechts een paar meter afstand van het historische centrum van M\u00e1laga, biedt toegang tot de populairste stranden van de stad: La Malagueta, La Caleta en Pedregalejo.<\/p>\n<p>De promenade loopt in oostelijke richting naar Ba\u00f1os del Carmen aan het Pedregalejo-strand.<\/p>\n<figure id=\"attachment_8838\" aria-describedby=\"caption-attachment-8838\" style=\"width: 1200px\" class=\"wp-caption alignnone\"><a href=\"https:\/\/www.malagacar.com\/dk\/blog\/wp-content\/uploads\/2015\/09\/Malaga-Banos-del-Carmen.jpg\" data-wpel-link=\"exclude\"><img loading=\"lazy\" decoding=\"async\" class=\"size-full wp-image-8838\" src=\"https:\/\/www.malagacar.com\/dk\/blog\/wp-content\/uploads\/2015\/09\/Malaga-Banos-del-Carmen.jpg\" alt=\"Strandpromenade M\u00e1laga, Ba\u00f1os del Carmen\" width=\"1200\" height=\"673\" \/><\/a><figcaption id=\"caption-attachment-8838\" class=\"wp-caption-text\">M\u00e1laga, Ba\u00f1os del Carmen<\/figcaption><\/figure>\n<p>Onze tip: Stop na een fietstocht of een mooie wandeling in dit gebied. Pedregalejo is erg populair bij de lokale bevolking omdat hier de beste bars en chiringuitos (strandbars) zijn waar je de typische Malaga-vis kunt eten.<\/p>\n<p>Het is ook een van de beste gebieden in M\u00e1laga om het hele jaar door te genieten van spectaculaire zonsondergangen.<\/p>\n<figure id=\"attachment_8839\" aria-describedby=\"caption-attachment-8839\" style=\"width: 1024px\" class=\"wp-caption alignnone\"><a href=\"https:\/\/www.malagacar.com\/dk\/blog\/wp-content\/uploads\/2015\/09\/malaga-oeste.jpg\" data-wpel-link=\"exclude\"><img loading=\"lazy\" decoding=\"async\" class=\"size-full wp-image-8839\" src=\"https:\/\/www.malagacar.com\/dk\/blog\/wp-content\/uploads\/2015\/09\/malaga-oeste.jpg\" alt=\"Strandpromenade M\u00e1laga\" width=\"1024\" height=\"663\" \/><\/a><figcaption id=\"caption-attachment-8839\" class=\"wp-caption-text\">De mooiste zonsondergangen zijn te zien vanuit het oosten van M\u00e1laga<\/figcaption><\/figure>\n<p><a href=\"https:\/\/goo.gl\/maps\/fV5aPeS5VgUdE2Lc7\" data-wpel-link=\"external\" target=\"_blank\" rel=\"external noopener noreferrer\" class=\"ext-link wpel-icon-right\"><strong>Route<\/strong><span class=\"wpel-icon wpel-image wpel-icon-2\"><\/span><\/a><br \/>\nZin in een wandeling in de buurt van het historische centrum, in een mediterrane omgeving die zich opent naar de zee?<\/p>\n<figure id=\"attachment_8840\" aria-describedby=\"caption-attachment-8840\" style=\"width: 1200px\" class=\"wp-caption alignnone\"><a href=\"https:\/\/www.malagacar.com\/dk\/blog\/wp-content\/uploads\/2015\/09\/Malaga-Muelle-Uno-Foto-Espanaguide.jpg\" data-wpel-link=\"exclude\"><img loading=\"lazy\" decoding=\"async\" class=\"size-full wp-image-8840\" src=\"https:\/\/www.malagacar.com\/dk\/blog\/wp-content\/uploads\/2015\/09\/Malaga-Muelle-Uno-Foto-Espanaguide.jpg\" alt=\"M\u00e1laga Muelle Uno\" width=\"1200\" height=\"723\" \/><\/a><figcaption id=\"caption-attachment-8840\" class=\"wp-caption-text\">M\u00e1laga Muelle Uno Foto Espa\u00f1aguide<\/figcaption><\/figure>\n<p>Ontdek deze stadswandeling door de Palmeral de las Sorpresas (Palmengarten der \u00dcberraschungen) en <a href=\"https:\/\/www.malagacar.com\/dk\/blog\/freizeit\/pier-eins-malaga\/\" data-wpel-link=\"exclude\"><strong>Muelle Uno (Pier Eins)<\/strong><\/a> in de haven van M\u00e1laga, tot aan de beroemde Farola (vuurtoren).<br \/>\n<a href=\"https:\/\/goo.gl\/maps\/nz9Qofm4mineNSkY9\" data-wpel-link=\"external\" target=\"_blank\" rel=\"external noopener noreferrer\" class=\"ext-link wpel-icon-right\"><strong>Route\u00a0<\/strong><span class=\"wpel-icon wpel-image wpel-icon-2\"><\/span><\/a><\/p>\n<figure id=\"attachment_8841\" aria-describedby=\"caption-attachment-8841\" style=\"width: 960px\" class=\"wp-caption alignnone\"><a href=\"https:\/\/www.malagacar.com\/dk\/blog\/wp-content\/uploads\/2015\/09\/Malaga-farola.jpg\" data-wpel-link=\"exclude\"><img loading=\"lazy\" decoding=\"async\" class=\"size-full wp-image-8841\" src=\"https:\/\/www.malagacar.com\/dk\/blog\/wp-content\/uploads\/2015\/09\/Malaga-farola.jpg\" alt=\"De beroemde vuurtoren van M\u00e1laga\" width=\"960\" height=\"641\" \/><\/a><figcaption id=\"caption-attachment-8841\" class=\"wp-caption-text\">De beroemde vuurtoren van M\u00e1laga<\/figcaption><\/figure>\n<h2><span class=\"ez-toc-section\" id=\"Strandpromenade_van_Torremolinos\"><\/span>Strandpromenade van Torremolinos<span class=\"ez-toc-section-end\"><\/span><\/h2>\n<p>De strandpromenade van Torremolinos is meer dan 6 km lang en deels voorzien van een fietspad en outdoor fitnessapparatuur.<\/p>\n<p>Het oostelijkste deel van de promenade is de Los Alamos-promenade, terwijl het westelijkste deel Paseo Mar\u00edtimo de la Carihuela wordt genoemd, vernoemd naar het oude vissersdorp daar.<\/p>\n<figure id=\"attachment_8842\" aria-describedby=\"caption-attachment-8842\" style=\"width: 1200px\" class=\"wp-caption alignnone\"><a href=\"https:\/\/www.malagacar.com\/dk\/blog\/wp-content\/uploads\/2015\/09\/Torremolinos-carihuela-.jpg\" data-wpel-link=\"exclude\"><img loading=\"lazy\" decoding=\"async\" class=\"size-full wp-image-8842\" src=\"https:\/\/www.malagacar.com\/dk\/blog\/wp-content\/uploads\/2015\/09\/Torremolinos-carihuela-.jpg\" alt=\"Strandpromenade Torremolinos\" width=\"1200\" height=\"844\" \/><\/a><figcaption id=\"caption-attachment-8842\" class=\"wp-caption-text\">La Carihuela<\/figcaption><\/figure>\n<p>Deze promenade integreert direct in de promenade van Benalm\u00e1dena, net voordat deze Puerto Marina bereikt.<\/p>\n<p>Omdat Torremolinos de bakermat van het toerisme aan de Costa del Sol was, heeft deze gemeente een hoge bebouwingsdichtheid langs de kust.<\/p>\n<p>Als je de drukte wilt ontvluchten, raden we het gedeelte richting M\u00e1laga aan, dat minder bebouwd is en een brede promenade met fietspad heeft.<br \/>\n<a href=\"https:\/\/goo.gl\/maps\/LXomJ\" data-wpel-link=\"external\" target=\"_blank\" rel=\"external noopener noreferrer\" class=\"ext-link wpel-icon-right\"><strong>Route<\/strong><span class=\"wpel-icon wpel-image wpel-icon-2\"><\/span><\/a><\/p>\n<figure id=\"attachment_8843\" aria-describedby=\"caption-attachment-8843\" style=\"width: 1200px\" class=\"wp-caption alignnone\"><a href=\"https:\/\/www.malagacar.com\/dk\/blog\/wp-content\/uploads\/2015\/09\/Torremolinos.jpg\" data-wpel-link=\"exclude\"><img loading=\"lazy\" decoding=\"async\" class=\"size-full wp-image-8843\" src=\"https:\/\/www.malagacar.com\/dk\/blog\/wp-content\/uploads\/2015\/09\/Torremolinos.jpg\" alt=\"Strandpromenade Torremolinos\" width=\"1200\" height=\"664\" \/><\/a><figcaption id=\"caption-attachment-8843\" class=\"wp-caption-text\">Het oostelijke deel van Torremolinos is minder druk<\/figcaption><\/figure>\n<h2><span class=\"ez-toc-section\" id=\"Strandpromenade_van_Benalmadena\"><\/span>Strandpromenade van Benalm\u00e1dena<span class=\"ez-toc-section-end\"><\/span><\/h2>\n<p>De strandpromenade van Benalm\u00e1dena is ongeveer 2 km lang en begint in Puerto Marina. Men kan de promenade van Torremolinos verbinden met die van Benalm\u00e1dena, met uitzondering van het gedeelte dat door Puerto Marina loopt.<\/p>\n<figure id=\"attachment_8844\" aria-describedby=\"caption-attachment-8844\" style=\"width: 667px\" class=\"wp-caption alignnone\"><a href=\"https:\/\/www.malagacar.com\/dk\/blog\/wp-content\/uploads\/2015\/09\/benalmadena-torrequebrada.jpg\" data-wpel-link=\"exclude\"><img loading=\"lazy\" decoding=\"async\" class=\"size-full wp-image-8844\" src=\"https:\/\/www.malagacar.com\/dk\/blog\/wp-content\/uploads\/2015\/09\/benalmadena-torrequebrada.jpg\" alt=\"Strandpromenade Benalm\u00e1dena\" width=\"667\" height=\"375\" \/><\/a><figcaption id=\"caption-attachment-8844\" class=\"wp-caption-text\">In het meest westelijke deel van Benalmadena, Torrequebrada<\/figcaption><\/figure>\n<p>Een van de bijzonderheden van deze promenade zijn de moza\u00efeken op de grond, gemaakt door verschillende kunstenaars van verschillende materialen (keramiek, metaal, hout of natuursteen), evenals de hoog ge\u00ebrodeerde rotsen naast het strand van Santa Ana.<\/p>\n<figure id=\"attachment_8845\" aria-describedby=\"caption-attachment-8845\" style=\"width: 377px\" class=\"wp-caption alignnone\"><a href=\"https:\/\/www.malagacar.com\/dk\/blog\/wp-content\/uploads\/2015\/09\/paseo-maritimo-benalmadena-mural-en-el-suelo-1.jpg\" data-wpel-link=\"exclude\"><img loading=\"lazy\" decoding=\"async\" class=\"size-full wp-image-8845\" src=\"https:\/\/www.malagacar.com\/dk\/blog\/wp-content\/uploads\/2015\/09\/paseo-maritimo-benalmadena-mural-en-el-suelo-1.jpg\" alt=\"Strandpromenade Benalm\u00e1dena\" width=\"377\" height=\"500\" \/><\/a><figcaption id=\"caption-attachment-8845\" class=\"wp-caption-text\">Moza\u00efeken op de grond<\/figcaption><\/figure>\n<p>Aan het einde van deze korte wandeling bereiken we het kasteel Bil-Bil, een prachtig neomudejar-paleis dat tegenwoordig wordt gebruikt als cultureel centrum voor tentoonstellingen en evenementen.<br \/>\n<a href=\"https:\/\/goo.gl\/maps\/cQCT2\" data-wpel-link=\"external\" target=\"_blank\" rel=\"external noopener noreferrer\" class=\"ext-link wpel-icon-right\"><strong>Route<\/strong><span class=\"wpel-icon wpel-image wpel-icon-2\"><\/span><\/a><strong>\u00a0<\/strong><\/p>\n<figure id=\"attachment_8846\" aria-describedby=\"caption-attachment-8846\" style=\"width: 1200px\" class=\"wp-caption alignnone\"><a href=\"https:\/\/www.malagacar.com\/dk\/blog\/wp-content\/uploads\/2015\/09\/Malaga-Muelle-Uno-Foto-Espanaguide.jpg\" data-wpel-link=\"exclude\"><img loading=\"lazy\" decoding=\"async\" class=\"size-full wp-image-8840\" src=\"https:\/\/www.malagacar.com\/dk\/blog\/wp-content\/uploads\/2015\/09\/Malaga-Muelle-Uno-Foto-Espanaguide.jpg\" alt=\"M\u00e1laga Muelle Uno\" width=\"1200\" height=\"723\" \/><\/a><figcaption id=\"caption-attachment-8846\" class=\"wp-caption-text\">M\u00e1laga Muelle Uno Foto Espa\u00f1aguide<\/figcaption><\/figure>\n<p>Ontdek deze stadswandeling door de Palmeral de las Sorpresas (Palmengarten der \u00dcberraschungen) en <a href=\"https:\/\/www.malagacar.com\/dk\/blog\/freizeit\/pier-eins-malaga\/\" data-wpel-link=\"exclude\"><strong>Muelle Uno (Pier Eins)<\/strong><\/a> in de haven van M\u00e1laga, tot aan de beroemde Farola (vuurtoren).<br \/>\n<a href=\"https:\/\/goo.gl\/maps\/nz9Qofm4mineNSkY9\" data-wpel-link=\"external\" target=\"_blank\" rel=\"external noopener noreferrer\" class=\"ext-link wpel-icon-right\"><strong>Route\u00a0<\/strong><span class=\"wpel-icon wpel-image wpel-icon-2\"><\/span><\/a><\/p>\n<figure id=\"attachment_8841-2\" aria-describedby=\"caption-attachment-8841-2\" style=\"width: 960px\" class=\"wp-caption alignnone\"><a href=\"https:\/\/www.malagacar.com\/dk\/blog\/wp-content\/uploads\/2015\/09\/Malaga-farola.jpg\" data-wpel-link=\"exclude\"><img loading=\"lazy\" decoding=\"async\" class=\"size-full wp-image-8841\" src=\"https:\/\/www.malagacar.com\/dk\/blog\/wp-content\/uploads\/2015\/09\/Malaga-farola.jpg\" alt=\"De beroemde vuurtoren van M\u00e1laga\" width=\"960\" height=\"641\" \/><\/a><figcaption id=\"caption-attachment-8841-2\" class=\"wp-caption-text\">De beroemde vuurtoren van M\u00e1laga<\/figcaption><\/figure>\n<h2><span class=\"ez-toc-section\" id=\"Strandpromenade_van_Torremolinos-2\"><\/span>Strandpromenade van Torremolinos<span class=\"ez-toc-section-end\"><\/span><\/h2>\n<p>De strandpromenade van Torremolinos is meer dan 6 km lang en deels voorzien van een fietspad en outdoor fitnessapparatuur.<\/p>\n<p>Het oostelijkste deel van de promenade is de Los Alamos-promenade, terwijl het westelijkste deel Paseo Mar\u00edtimo de la Carihuela wordt genoemd, vernoemd naar het oude vissersdorp daar.<\/p>\n<figure id=\"attachment_8842-2\" aria-describedby=\"caption-attachment-8842-2\" style=\"width: 1200px\" class=\"wp-caption alignnone\"><a href=\"https:\/\/www.malagacar.com\/dk\/blog\/wp-content\/uploads\/2015\/09\/Torremolinos-carihuela-.jpg\" data-wpel-link=\"exclude\"><img loading=\"lazy\" decoding=\"async\" class=\"size-full wp-image-8842\" src=\"https:\/\/www.malagacar.com\/dk\/blog\/wp-content\/uploads\/2015\/09\/Torremolinos-carihuela-.jpg\" alt=\"Strandpromenade Torremolinos\" width=\"1200\" height=\"844\" \/><\/a><figcaption id=\"caption-attachment-8842-2\" class=\"wp-caption-text\">La Carihuela<\/figcaption><\/figure>\n<p>Deze promenade integreert direct in de promenade van Benalm\u00e1dena, net voordat deze Puerto Marina bereikt.<\/p>\n<p>Omdat Torremolinos de bakermat van het toerisme aan de Costa del Sol was, heeft deze gemeente een hoge bebouwingsdichtheid langs de kust.<\/p>\n<p>Als je de drukte wilt ontvluchten, raden we het gedeelte richting M\u00e1laga aan, dat minder bebouwd is en een brede promenade met fietspad heeft.<br \/>\n<a href=\"https:\/\/goo.gl\/maps\/LXomJ\" data-wpel-link=\"external\" target=\"_blank\" rel=\"external noopener noreferrer\" class=\"ext-link wpel-icon-right\"><strong>Route<\/strong><span class=\"wpel-icon wpel-image wpel-icon-2\"><\/span><\/a><\/p>\n<figure id=\"attachment_8843-2\" aria-describedby=\"caption-attachment-8843-2\" style=\"width: 1200px\" class=\"wp-caption alignnone\"><a href=\"https:\/\/www.malagacar.com\/dk\/blog\/wp-content\/uploads\/2015\/09\/Torremolinos.jpg\" data-wpel-link=\"exclude\"><img loading=\"lazy\" decoding=\"async\" class=\"size-full wp-image-8843\" src=\"https:\/\/www.malagacar.com\/dk\/blog\/wp-content\/uploads\/2015\/09\/Torremolinos.jpg\" alt=\"Strandpromenade Torremolinos\" width=\"1200\" height=\"664\" \/><\/a><figcaption id=\"caption-attachment-8843-2\" class=\"wp-caption-text\">Het oostelijke deel van Torremolinos is minder druk<\/figcaption><\/figure>\n<h2><span class=\"ez-toc-section\" id=\"Strandpromenade_van_Benalmadena-2\"><\/span>Strandpromenade van Benalm\u00e1dena<span class=\"ez-toc-section-end\"><\/span><\/h2>\n<p>De strandpromenade van Benalm\u00e1dena is ongeveer 2 km lang en begint in Puerto Marina. Men kan de promenade van Torremolinos verbinden met die van Benalm\u00e1dena, met uitzondering van het gedeelte dat door Puerto Marina loopt.<\/p>\n<figure id=\"attachment_8844-2\" aria-describedby=\"caption-attachment-8844-2\" style=\"width: 667px\" class=\"wp-caption alignnone\"><a href=\"https:\/\/www.malagacar.com\/dk\/blog\/wp-content\/uploads\/2015\/09\/benalmadena-torrequebrada.jpg\" data-wpel-link=\"exclude\"><img loading=\"lazy\" decoding=\"async\" class=\"size-full wp-image-8844\" src=\"https:\/\/www.malagacar.com\/dk\/blog\/wp-content\/uploads\/2015\/09\/benalmadena-torrequebrada.jpg\" alt=\"Strandpromenade Benalm\u00e1dena\" width=\"667\" height=\"375\" \/><\/a><figcaption id=\"caption-attachment-8844-2\" class=\"wp-caption-text\">In het meest westelijke deel van Benalmadena, Torrequebrada<\/figcaption><\/figure>\n<p>Een van de bijzonderheden van deze promenade zijn de moza\u00efeken op de grond, gemaakt door verschillende kunstenaars van verschillende materialen (keramiek, metaal, hout of natuursteen), evenals de hoog ge\u00ebrodeerde rotsen naast het strand van Santa Ana.<\/p>\n<figure id=\"attachment_8845-2\" aria-describedby=\"caption-attachment-8845-2\" style=\"width: 377px\" class=\"wp-caption alignnone\"><a href=\"https:\/\/www.malagacar.com\/dk\/blog\/wp-content\/uploads\/2015\/09\/paseo-maritimo-benalmadena-mural-en-el-suelo-1.jpg\" data-wpel-link=\"exclude\"><img loading=\"lazy\" decoding=\"async\" class=\"size-full wp-image-8845\" src=\"https:\/\/www.malagacar.com\/dk\/blog\/wp-content\/uploads\/2015\/09\/paseo-maritimo-benalmadena-mural-en-el-suelo-1.jpg\" alt=\"Strandpromenade Benalm\u00e1dena\" width=\"377\" height=\"500\" \/><\/a><figcaption id=\"caption-attachment-8845-2\" class=\"wp-caption-text\">Moza\u00efeken op de grond<\/figcaption><\/figure>\n<p>Aan het einde van deze korte wandeling bereiken we het kasteel Bil-Bil, een prachtig neomudejar-paleis dat tegenwoordig wordt gebruikt als cultureel centrum voor tentoonstellingen en evenementen.<br \/>\n<a href=\"https:\/\/goo.gl\/maps\/cQCT2\" data-wpel-link=\"external\" target=\"_blank\" rel=\"external noopener noreferrer\" class=\"ext-link wpel-icon-right\"><strong>Route<\/strong><span class=\"wpel-icon wpel-image wpel-icon-2\"><\/span><\/a><strong>\u00a0<\/strong><\/p>\n<figure id=\"attachment_8846-2\" aria-describedby=\"caption-attachment-8846-2\" style=\"width: 1200px\" class=\"wp-caption alignnone\"><a href=\"https:\/\/www.malagacar.com\/dk\/blog\/wp-content\/uploads\/2015\/09\/benalmadena-Bilbil-Foto-DiarioSur.jpg\" data-wpel-link=\"exclude\"><img loading=\"lazy\" decoding=\"async\" class=\"size-full wp-image-8846\" src=\"https:\/\/www.malagacar.com\/dk\/blog\/wp-content\/uploads\/2015\/09\/benalmadena-Bilbil-Foto-DiarioSur.jpg\" alt=\"Castillo Bil-Bil Benalm\u00e1dena\" width=\"1200\" height=\"803\" \/><\/a><figcaption id=\"caption-attachment-8846-2\" class=\"wp-caption-text\">Kasteel Bil-Bil Foto DiarioSur<\/figcaption><\/figure>\n<h2><span class=\"ez-toc-section\" id=\"Strandpromenade_van_Fuengirola\"><\/span>Strandpromenade van Fuengirola<span class=\"ez-toc-section-end\"><\/span><\/h2>\n<p>Met bijna 7 kilometer lengte is deze promenade een van de langste aan de kust en deels uitgerust met een fietspad. Langs de strandpromenade bevinden zich de typische Chiringuitos (strandbars), die in deze stad meer op gezinnen gericht zijn en traditioneel vis en zeevruchten aanbieden.<\/p>\n<figure id=\"attachment_8847\" aria-describedby=\"caption-attachment-8847\" style=\"width: 960px\" class=\"wp-caption alignnone\"><a href=\"https:\/\/www.malagacar.com\/dk\/blog\/wp-content\/uploads\/2015\/09\/Fuengi-urbano.jpg\" data-wpel-link=\"exclude\"><img loading=\"lazy\" decoding=\"async\" class=\"size-full wp-image-8847\" src=\"https:\/\/www.malagacar.com\/dk\/blog\/wp-content\/uploads\/2015\/09\/Fuengi-urbano.jpg\" alt=\"Strandpromenade van Fuengirola\" width=\"960\" height=\"641\" \/><\/a><figcaption id=\"caption-attachment-8847\" class=\"wp-caption-text\">De strandpromenade van Fuengirola is sterk verstedelijkt<\/figcaption><\/figure>\n<p>Aangezien deze gemeente de kleinste aan de hele kust is, heeft de massale bebouwing een groot deel van het strand in beslag genomen. In de zomer is de promenade erg levendig en druk.<\/p>\n<p>Als je een minder drukke promenade zoekt, raden we het oostelijkste deel van Fuengirola aan, Carvajal.<\/p>\n<figure id=\"attachment_8848\" aria-describedby=\"caption-attachment-8848\" style=\"width: 1196px\" class=\"wp-caption alignnone\"><a href=\"https:\/\/www.malagacar.com\/dk\/blog\/wp-content\/uploads\/2015\/09\/fuengi-carvajal-Foto-Wikiloc.jpg\" data-wpel-link=\"exclude\"><img loading=\"lazy\" decoding=\"async\" class=\" wp-image-8848\" src=\"https:\/\/www.malagacar.com\/dk\/blog\/wp-content\/uploads\/2015\/09\/fuengi-carvajal-Foto-Wikiloc.jpg\" alt=\"Fuengirola Carvajal\" width=\"1196\" height=\"673\" \/><\/a><figcaption id=\"caption-attachment-8848\" class=\"wp-caption-text\">Het oostelijke deel van Fuengirola is minder bebouwd en ongerept. Foto Wikiloc<\/figcaption><\/figure>\n<p>Bijzonder opmerkelijk is dat aan het begin van de promenade in het westen van Fuengirola het oude Moorse kasteel Sohail zich op een heuvel naast de rivier bevindt. Daar, in de <strong>Marenostrum<\/strong>, worden elke zomer talloze openluchtconcerten gehouden.<br \/>\n<a href=\"https:\/\/goo.gl\/maps\/6CgZ4\" data-wpel-link=\"external\" target=\"_blank\" rel=\"external noopener noreferrer\" class=\"ext-link wpel-icon-right\"><strong>Route<\/strong><span class=\"wpel-icon wpel-image wpel-icon-2\"><\/span><\/a><\/p>\n<figure id=\"attachment_8855\" aria-describedby=\"caption-attachment-8855\" style=\"width: 1119px\" class=\"wp-caption alignnone\"><a href=\"https:\/\/www.malagacar.com\/dk\/blog\/wp-content\/uploads\/2015\/09\/fuengi-sohail.jpg\" data-wpel-link=\"exclude\"><img loading=\"lazy\" decoding=\"async\" class=\"size-full wp-image-8855\" src=\"https:\/\/www.malagacar.com\/dk\/blog\/wp-content\/uploads\/2015\/09\/fuengi-sohail.jpg\" alt=\"Festung Sohail Fuengirola\" width=\"1119\" height=\"760\" \/><\/a><figcaption id=\"caption-attachment-8855\" class=\"wp-caption-text\">Festung Sohail<\/figcaption><\/figure>\n<h2><span class=\"ez-toc-section\" id=\"Strandpromenade_van_Marbella\"><\/span>Strandpromenade van Marbella<span class=\"ez-toc-section-end\"><\/span><\/h2>\n<p>Een lange promenade die begint in het stadscentrum, slechts een paar meter van de jachthaven van Marbella, met veel bars, strandbars en winkels.<\/p>\n<figure id=\"attachment_8849\" aria-describedby=\"caption-attachment-8849\" style=\"width: 1200px\" class=\"wp-caption alignnone\"><a href=\"https:\/\/www.malagacar.com\/dk\/blog\/wp-content\/uploads\/2015\/09\/Marbs-oeste.jpg\" data-wpel-link=\"exclude\"><img loading=\"lazy\" decoding=\"async\" class=\"size-full wp-image-8849\" src=\"https:\/\/www.malagacar.com\/dk\/blog\/wp-content\/uploads\/2015\/09\/Marbs-oeste.jpg\" alt=\" Strandpromenade van Marbella \" width=\"1200\" height=\"613\" \/><\/a><figcaption id=\"caption-attachment-8849\" class=\"wp-caption-text\">De strandpromenade van Marbella is een waar genot<\/figcaption><\/figure>\n<p>Langs de promenade zijn verschillende bio-gezondheidsgebieden voor buitenfitness ingericht.<\/p>\n<p>Hoe verder je naar het oosten gaat, hoe weelderiger en paradijselijker de promenade wordt met zijn grote tuinen. Het is een van de beste gebieden van de stad. Daar bevinden zich enkele van de <a href=\"https:\/\/www.malagacar.com\/nl\/blog\/tips\/5-sterrenhotels-marbella\/\" data-wpel-link=\"internal\"><strong>beste hotels van Marbella<\/strong><\/a>.<br \/>\n<a href=\"https:\/\/goo.gl\/maps\/pT8BJ\" data-wpel-link=\"external\" target=\"_blank\" rel=\"external noopener noreferrer\" class=\"ext-link wpel-icon-right\"><strong>Route<\/strong><span class=\"wpel-icon wpel-image wpel-icon-2\"><\/span><\/a><\/p>\n<figure id=\"attachment_8850\" aria-describedby=\"caption-attachment-8850\" style=\"width: 1196px\" class=\"wp-caption alignnone\"><a href=\"https:\/\/www.malagacar.com\/dk\/blog\/wp-content\/uploads\/2015\/09\/Marbs-este-biosaludable.jpg\" data-wpel-link=\"exclude\"><img loading=\"lazy\" decoding=\"async\" class=\" wp-image-8850\" src=\"https:\/\/www.malagacar.com\/dk\/blog\/wp-content\/uploads\/2015\/09\/Marbs-este-biosaludable.jpg\" alt=\"Strandpromenade van Marbella\" width=\"1196\" height=\"609\" \/><\/a><figcaption id=\"caption-attachment-8850\" class=\"wp-caption-text\">Bio-gezondheidsapparaten aan de Strandpromenade van Marbella<\/figcaption><\/figure>\n<h2><span class=\"ez-toc-section\" id=\"Strandpromenade_van_Estepona\"><\/span>Strandpromenade van Estepona<span class=\"ez-toc-section-end\"><\/span><\/h2>\n<p>De Strandpromenade van Estepona loopt langs het La Rada-strand, het langste en drukste strand, dichtbij het stadscentrum, met een totale lengte van bijna 2,5 km.<\/p>\n<figure id=\"attachment_8851\" aria-describedby=\"caption-attachment-8851\" style=\"width: 1200px\" class=\"wp-caption alignnone\"><a href=\"https:\/\/www.malagacar.com\/dk\/blog\/wp-content\/uploads\/2015\/09\/Estepona-oriental.jpg\" data-wpel-link=\"exclude\"><img loading=\"lazy\" decoding=\"async\" class=\"size-full wp-image-8851\" src=\"https:\/\/www.malagacar.com\/dk\/blog\/wp-content\/uploads\/2015\/09\/Estepona-oriental.jpg\" alt=\"Strandpromenade Estepona\" width=\"1200\" height=\"598\" \/><\/a><figcaption id=\"caption-attachment-8851\" class=\"wp-caption-text\">De Promenade La Rada op haar meest oostelijke punt<\/figcaption><\/figure>\n<p>Het is een brede en prachtige promenade, slechts een paar meter van de oude stad.<\/p>\n<figure id=\"attachment_8852\" aria-describedby=\"caption-attachment-8852\" style=\"width: 1200px\" class=\"wp-caption alignnone\"><a href=\"https:\/\/www.malagacar.com\/dk\/blog\/wp-content\/uploads\/2015\/09\/Estepona-la-rada.jpg\" data-wpel-link=\"exclude\"><img loading=\"lazy\" decoding=\"async\" class=\"size-full wp-image-8852\" src=\"https:\/\/www.malagacar.com\/dk\/blog\/wp-content\/uploads\/2015\/09\/Estepona-la-rada.jpg\" alt=\"Estepona, La Rada\" width=\"1200\" height=\"900\" \/><\/a><figcaption id=\"caption-attachment-8852\" class=\"wp-caption-text\">Estepona, La Rada<\/figcaption><\/figure>\n<p>De promenade leidt naar de prachtige jachthaven Marina del Este. Daar zijn veel caf\u00e9s, bars en een levendig nachtleven. In het weekend vinden hier markten plaats.<\/p>\n<figure id=\"attachment_8853\" aria-describedby=\"caption-attachment-8853\" style=\"width: 1200px\" class=\"wp-caption alignnone\"><a href=\"https:\/\/www.malagacar.com\/dk\/blog\/wp-content\/uploads\/2015\/09\/Estepona-Puerto.jpg\" data-wpel-link=\"exclude\"><img loading=\"lazy\" decoding=\"async\" class=\"size-full wp-image-8853\" src=\"https:\/\/www.malagacar.com\/dk\/blog\/wp-content\/uploads\/2015\/09\/Estepona-Puerto.jpg\" alt=\"Jachthaven van Estepona\" width=\"1200\" height=\"596\" \/><\/a><figcaption id=\"caption-attachment-8853\" class=\"wp-caption-text\">Jachthaven van Estepona<\/figcaption><\/figure>\n<p>Wilt u liever over rustigere paden wandelen? We raden aan om na de haven verder te gaan richting het populaire strand Playa del Cristo in het meest westelijke deel van Estepona. Hier begint een deel van het kustpad.<br \/>\n<a href=\"https:\/\/goo.gl\/maps\/2kCNk\" data-wpel-link=\"external\" target=\"_blank\" rel=\"external noopener noreferrer\" class=\"ext-link wpel-icon-right\"><strong>Route\u00a0<\/strong><span class=\"wpel-icon wpel-image wpel-icon-2\"><\/span><\/a><\/p>\n<figure id=\"attachment_8854\" aria-describedby=\"caption-attachment-8854\" style=\"width: 1160px\" class=\"wp-caption alignnone\"><a href=\"https:\/\/www.malagacar.com\/dk\/blog\/wp-content\/uploads\/2015\/09\/Estepona-Guadalobon.jpg\" data-wpel-link=\"exclude\"><img loading=\"lazy\" decoding=\"async\" class=\"size-full wp-image-8854\" src=\"https:\/\/www.malagacar.com\/dk\/blog\/wp-content\/uploads\/2015\/09\/Estepona-Guadalobon.jpg\" alt=\"Kustpad van Estepona\" width=\"1160\" height=\"752\" \/><\/a><figcaption id=\"caption-attachment-8854\" class=\"wp-caption-text\">Kustpad van Estepona langs de rivier Guadalobon<\/figcaption><\/figure>\n<h2><span class=\"ez-toc-section\" id=\"Kustwandelpad_van_de_Costa_del_Sol\"><\/span>Kustwandelpad van de Costa del Sol<span class=\"ez-toc-section-end\"><\/span><\/h2>\n<p>Als u van wandelen houdt, zult u dol zijn op de Senda Litoral (Kustwandelpad)!<\/p>\n<p><a href=\"https:\/\/www.malagacar.com\/dk\/blog\/wp-content\/uploads\/2020\/08\/senda-litoral.jpg\" data-wpel-link=\"exclude\"><img loading=\"lazy\" decoding=\"async\" class=\"alignnone size-full wp-image-6233\" src=\"https:\/\/www.malagacar.com\/dk\/blog\/wp-content\/uploads\/2020\/08\/senda-litoral.jpg\" alt=\"Kustpad aan de Costa del Sol\" width=\"800\" height=\"800\" \/><\/a><\/p>\n<p>Het is een geweldig project dat de <strong>14 gemeenten langs de 160 km lange kust van M\u00e1laga met elkaar verbindt<\/strong>: Van Manilva tot Nerja, via Estepona, Marbella, Mijas, Fuengirola, Benalm\u00e1dena, Torremolinos, M\u00e1laga, Rinc\u00f3n de la Victoria, Torre del Mar, Algarrobo en Torrox.<\/p>\n<p>Het pad bestaat uit de eerder genoemde promenades en houten loopbruggen. Het kustpad voert door enkele van de <em><strong>mooiste natuurgebieden<\/strong><\/em>, kliffen, rivieren en stranden van de kust van M\u00e1laga.<\/p>\n<p>Het heeft <em><strong>informatieborden<\/strong><\/em> op plaatsen met een bijzondere rijkdom aan onderwaterflora en -fauna. Bovendien kun je meer dan 40 <em><strong>uitkijktorens<\/strong><\/em> uit de veertiende eeuw ontdekken.<\/p>\n<p>Langs het kustpad zijn in totaal 11 <em><strong>jachthavens<\/strong><\/em>.<\/p>\n<p>Alle details en meer wetenswaardigheden vindt u in onze editie over het <a href=\"https:\/\/www.malagacar.com\/nl\/blog\/vrije-tijd\/kustroute-costa-del-sol\/\" data-wpel-link=\"internal\"><strong>Kustwandelpad van de Costa del Sol<\/strong><\/a>.<\/p>\n","protected":false},"excerpt":{"rendered":"<p>Strandwandeling in M\u00e1laga &#8211; Strandpromenades Er zijn waarschijnlijk maar weinig dingen die we zo sterk associ\u00ebren met vakantie als de strandpromenades in M\u00e1laga. Geniet ervan met ons! Er zijn waarschijnlijk maar weinig dingen die we zo sterk associ\u00ebren met een vakantie aan zee als de strandpromenades in M\u00e1laga. Op elk moment van de dag en [&hellip;]<\/p>\n","protected":false},"author":1,"featured_media":4850,"comment_status":"open","ping_status":"closed","sticky":false,"template":"","format":"standard","meta":{"footnotes":""},"categories":[506],"tags":[],"class_list":["post-4848","post","type-post","status-publish","format-standard","has-post-thumbnail","hentry","category-vrije-tijd"],"yoast_head":"<!-- This site is optimized with the Yoast SEO plugin v28.4 - https:\/\/yoast.com\/product\/yoast-seo-wordpress\/ -->\n<title>Strandwandeling - Strandpromenades in M\u00e1laga - MalagaCar.com Blog<\/title>\n<meta name=\"description\" content=\"Er zijn waarschijnlijk maar weinig dingen die we zo sterk associ\u00ebren met vakantie als de strandpromenades in M\u00e1laga, geniet ervan met ons!\" \/>\n<meta name=\"robots\" content=\"index, follow, max-snippet:-1, max-image-preview:large, max-video-preview:-1\" \/>\n<link rel=\"canonical\" href=\"https:\/\/www.malagacar.com\/nl\/blog\/vrije-tijd\/strandpromenades-in-malaga\/\" \/>\n<meta property=\"og:locale\" content=\"nl_NL\" \/>\n<meta property=\"og:type\" content=\"article\" \/>\n<meta property=\"og:title\" content=\"Strandwandeling - Strandpromenades in M\u00e1laga - MalagaCar.com Blog\" \/>\n<meta property=\"og:description\" content=\"Er zijn waarschijnlijk maar weinig dingen die we zo sterk associ\u00ebren met vakantie als de strandpromenades in M\u00e1laga, geniet ervan met ons!\" \/>\n<meta property=\"og:url\" content=\"https:\/\/www.malagacar.com\/nl\/blog\/vrije-tijd\/strandpromenades-in-malaga\/\" \/>\n<meta property=\"og:site_name\" content=\"MalagaCar.com Blog\" \/>\n<meta property=\"article:publisher\" content=\"https:\/\/www.facebook.com\/malagacar\" \/>\n<meta property=\"article:published_time\" content=\"2022-07-26T11:04:30+00:00\" \/>\n<meta property=\"article:modified_time\" content=\"2023-11-20T13:06:24+00:00\" \/>\n<meta property=\"og:image\" content=\"https:\/\/www.malagacar.com\/nl\/blog\/wp-content\/uploads\/2022\/07\/strandpromenade-malaga.jpg\" \/>\n\t<meta property=\"og:image:width\" content=\"960\" \/>\n\t<meta property=\"og:image:height\" content=\"654\" \/>\n\t<meta property=\"og:image:type\" content=\"image\/jpeg\" \/>\n<meta name=\"author\" content=\"MalagaCar.com\" \/>\n<meta name=\"twitter:label1\" content=\"Geschreven door\" \/>\n\t<meta name=\"twitter:data1\" content=\"MalagaCar.com\" \/>\n\t<meta name=\"twitter:label2\" content=\"Geschatte leestijd\" \/>\n\t<meta name=\"twitter:data2\" content=\"14 minuten\" \/>\n<script type=\"application\/ld+json\" class=\"yoast-schema-graph\">{\"@context\":\"https:\\\/\\\/schema.org\",\"@graph\":[{\"@type\":\"Article\",\"@id\":\"https:\\\/\\\/www.malagacar.com\\\/nl\\\/blog\\\/vrije-tijd\\\/strandpromenades-in-malaga\\\/#article\",\"isPartOf\":{\"@id\":\"https:\\\/\\\/www.malagacar.com\\\/nl\\\/blog\\\/vrije-tijd\\\/strandpromenades-in-malaga\\\/\"},\"author\":{\"name\":\"MalagaCar.com\",\"@id\":\"https:\\\/\\\/www.malagacar.com\\\/nl\\\/blog\\\/#\\\/schema\\\/person\\\/fbc37b93c0f5bbdaa54a0a4fc59d8b8c\"},\"headline\":\"Strandwandeling &#8211; Strandpromenades in M\u00e1laga\",\"datePublished\":\"2022-07-26T11:04:30+00:00\",\"dateModified\":\"2023-11-20T13:06:24+00:00\",\"mainEntityOfPage\":{\"@id\":\"https:\\\/\\\/www.malagacar.com\\\/nl\\\/blog\\\/vrije-tijd\\\/strandpromenades-in-malaga\\\/\"},\"wordCount\":1701,\"commentCount\":0,\"publisher\":{\"@id\":\"https:\\\/\\\/www.malagacar.com\\\/nl\\\/blog\\\/#organization\"},\"image\":{\"@id\":\"https:\\\/\\\/www.malagacar.com\\\/nl\\\/blog\\\/vrije-tijd\\\/strandpromenades-in-malaga\\\/#primaryimage\"},\"thumbnailUrl\":\"https:\\\/\\\/www.malagacar.com\\\/nl\\\/blog\\\/wp-content\\\/uploads\\\/2022\\\/07\\\/strandpromenade-malaga.jpg\",\"articleSection\":[\"Vrije Tijd\"],\"inLanguage\":\"nl-NL\",\"potentialAction\":[{\"@type\":\"CommentAction\",\"name\":\"Comment\",\"target\":[\"https:\\\/\\\/www.malagacar.com\\\/nl\\\/blog\\\/vrije-tijd\\\/strandpromenades-in-malaga\\\/#respond\"]}]},{\"@type\":\"WebPage\",\"@id\":\"https:\\\/\\\/www.malagacar.com\\\/nl\\\/blog\\\/vrije-tijd\\\/strandpromenades-in-malaga\\\/\",\"url\":\"https:\\\/\\\/www.malagacar.com\\\/nl\\\/blog\\\/vrije-tijd\\\/strandpromenades-in-malaga\\\/\",\"name\":\"Strandwandeling - Strandpromenades in M\u00e1laga - MalagaCar.com Blog\",\"isPartOf\":{\"@id\":\"https:\\\/\\\/www.malagacar.com\\\/nl\\\/blog\\\/#website\"},\"primaryImageOfPage\":{\"@id\":\"https:\\\/\\\/www.malagacar.com\\\/nl\\\/blog\\\/vrije-tijd\\\/strandpromenades-in-malaga\\\/#primaryimage\"},\"image\":{\"@id\":\"https:\\\/\\\/www.malagacar.com\\\/nl\\\/blog\\\/vrije-tijd\\\/strandpromenades-in-malaga\\\/#primaryimage\"},\"thumbnailUrl\":\"https:\\\/\\\/www.malagacar.com\\\/nl\\\/blog\\\/wp-content\\\/uploads\\\/2022\\\/07\\\/strandpromenade-malaga.jpg\",\"datePublished\":\"2022-07-26T11:04:30+00:00\",\"dateModified\":\"2023-11-20T13:06:24+00:00\",\"description\":\"Er zijn waarschijnlijk maar weinig dingen die we zo sterk associ\u00ebren met vakantie als de strandpromenades in M\u00e1laga, geniet ervan met ons!\",\"breadcrumb\":{\"@id\":\"https:\\\/\\\/www.malagacar.com\\\/nl\\\/blog\\\/vrije-tijd\\\/strandpromenades-in-malaga\\\/#breadcrumb\"},\"inLanguage\":\"nl-NL\",\"potentialAction\":[{\"@type\":\"ReadAction\",\"target\":[\"https:\\\/\\\/www.malagacar.com\\\/nl\\\/blog\\\/vrije-tijd\\\/strandpromenades-in-malaga\\\/\"]}]},{\"@type\":\"ImageObject\",\"inLanguage\":\"nl-NL\",\"@id\":\"https:\\\/\\\/www.malagacar.com\\\/nl\\\/blog\\\/vrije-tijd\\\/strandpromenades-in-malaga\\\/#primaryimage\",\"url\":\"https:\\\/\\\/www.malagacar.com\\\/nl\\\/blog\\\/wp-content\\\/uploads\\\/2022\\\/07\\\/strandpromenade-malaga.jpg\",\"contentUrl\":\"https:\\\/\\\/www.malagacar.com\\\/nl\\\/blog\\\/wp-content\\\/uploads\\\/2022\\\/07\\\/strandpromenade-malaga.jpg\",\"width\":960,\"height\":654,\"caption\":\"Strandpromenade Malaga\"},{\"@type\":\"BreadcrumbList\",\"@id\":\"https:\\\/\\\/www.malagacar.com\\\/nl\\\/blog\\\/vrije-tijd\\\/strandpromenades-in-malaga\\\/#breadcrumb\",\"itemListElement\":[{\"@type\":\"ListItem\",\"position\":1,\"name\":\"Home\",\"item\":\"https:\\\/\\\/www.malagacar.com\\\/nl\\\/blog\\\/\"},{\"@type\":\"ListItem\",\"position\":2,\"name\":\"Strandwandeling &#8211; Strandpromenades in M\u00e1laga\"}]},{\"@type\":\"WebSite\",\"@id\":\"https:\\\/\\\/www.malagacar.com\\\/nl\\\/blog\\\/#website\",\"url\":\"https:\\\/\\\/www.malagacar.com\\\/nl\\\/blog\\\/\",\"name\":\"MalagaCar.com Blog\",\"description\":\"Nieuws en feiten over auto huren op de luchthaven van Malaga.\",\"publisher\":{\"@id\":\"https:\\\/\\\/www.malagacar.com\\\/nl\\\/blog\\\/#organization\"},\"potentialAction\":[{\"@type\":\"SearchAction\",\"target\":{\"@type\":\"EntryPoint\",\"urlTemplate\":\"https:\\\/\\\/www.malagacar.com\\\/nl\\\/blog\\\/?s={search_term_string}\"},\"query-input\":{\"@type\":\"PropertyValueSpecification\",\"valueRequired\":true,\"valueName\":\"search_term_string\"}}],\"inLanguage\":\"nl-NL\"},{\"@type\":\"Organization\",\"@id\":\"https:\\\/\\\/www.malagacar.com\\\/nl\\\/blog\\\/#organization\",\"name\":\"MalagaCar.com\",\"url\":\"https:\\\/\\\/www.malagacar.com\\\/nl\\\/blog\\\/\",\"logo\":{\"@type\":\"ImageObject\",\"inLanguage\":\"nl-NL\",\"@id\":\"https:\\\/\\\/www.malagacar.com\\\/nl\\\/blog\\\/#\\\/schema\\\/logo\\\/image\\\/\",\"url\":\"https:\\\/\\\/www.malagacar.com\\\/nl\\\/blog\\\/wp-content\\\/uploads\\\/2021\\\/06\\\/logo-malagacar-social.png\",\"contentUrl\":\"https:\\\/\\\/www.malagacar.com\\\/nl\\\/blog\\\/wp-content\\\/uploads\\\/2021\\\/06\\\/logo-malagacar-social.png\",\"width\":900,\"height\":900,\"caption\":\"MalagaCar.com\"},\"image\":{\"@id\":\"https:\\\/\\\/www.malagacar.com\\\/nl\\\/blog\\\/#\\\/schema\\\/logo\\\/image\\\/\"},\"sameAs\":[\"https:\\\/\\\/www.facebook.com\\\/malagacar\",\"https:\\\/\\\/x.com\\\/malagacarcom\",\"https:\\\/\\\/www.instagram.com\\\/malagacar\\\/\",\"https:\\\/\\\/www.linkedin.com\\\/company\\\/malagacar.com\",\"https:\\\/\\\/www.youtube.com\\\/c\\\/MalagacarAirport\"]},{\"@type\":\"Person\",\"@id\":\"https:\\\/\\\/www.malagacar.com\\\/nl\\\/blog\\\/#\\\/schema\\\/person\\\/fbc37b93c0f5bbdaa54a0a4fc59d8b8c\",\"name\":\"MalagaCar.com\",\"image\":{\"@type\":\"ImageObject\",\"inLanguage\":\"nl-NL\",\"@id\":\"https:\\\/\\\/secure.gravatar.com\\\/avatar\\\/296ebc31026e7be05868369e4c596b3239b1582b2fcf8a45de57333e2e82bb82?s=96&d=mm&r=g\",\"url\":\"https:\\\/\\\/secure.gravatar.com\\\/avatar\\\/296ebc31026e7be05868369e4c596b3239b1582b2fcf8a45de57333e2e82bb82?s=96&d=mm&r=g\",\"contentUrl\":\"https:\\\/\\\/secure.gravatar.com\\\/avatar\\\/296ebc31026e7be05868369e4c596b3239b1582b2fcf8a45de57333e2e82bb82?s=96&d=mm&r=g\",\"caption\":\"MalagaCar.com\"},\"sameAs\":[\"https:\\\/\\\/www.malagacar.com\\\/nl\\\/\"]}]}<\/script>\n<!-- \/ Yoast SEO plugin. -->","yoast_head_json":{"title":"Strandwandeling - Strandpromenades in M\u00e1laga - MalagaCar.com Blog","description":"Er zijn waarschijnlijk maar weinig dingen die we zo sterk associ\u00ebren met vakantie als de strandpromenades in M\u00e1laga, geniet ervan met ons!","robots":{"index":"index","follow":"follow","max-snippet":"max-snippet:-1","max-image-preview":"max-image-preview:large","max-video-preview":"max-video-preview:-1"},"canonical":"https:\/\/www.malagacar.com\/nl\/blog\/vrije-tijd\/strandpromenades-in-malaga\/","og_locale":"nl_NL","og_type":"article","og_title":"Strandwandeling - Strandpromenades in M\u00e1laga - MalagaCar.com Blog","og_description":"Er zijn waarschijnlijk maar weinig dingen die we zo sterk associ\u00ebren met vakantie als de strandpromenades in M\u00e1laga, geniet ervan met ons!","og_url":"https:\/\/www.malagacar.com\/nl\/blog\/vrije-tijd\/strandpromenades-in-malaga\/","og_site_name":"MalagaCar.com Blog","article_publisher":"https:\/\/www.facebook.com\/malagacar","article_published_time":"2022-07-26T11:04:30+00:00","article_modified_time":"2023-11-20T13:06:24+00:00","og_image":[{"width":960,"height":654,"url":"https:\/\/www.malagacar.com\/nl\/blog\/wp-content\/uploads\/2022\/07\/strandpromenade-malaga.jpg","type":"image\/jpeg"}],"author":"MalagaCar.com","twitter_misc":{"Geschreven door":"MalagaCar.com","Geschatte leestijd":"14 minuten"},"schema":{"@context":"https:\/\/schema.org","@graph":[{"@type":"Article","@id":"https:\/\/www.malagacar.com\/nl\/blog\/vrije-tijd\/strandpromenades-in-malaga\/#article","isPartOf":{"@id":"https:\/\/www.malagacar.com\/nl\/blog\/vrije-tijd\/strandpromenades-in-malaga\/"},"author":{"name":"MalagaCar.com","@id":"https:\/\/www.malagacar.com\/nl\/blog\/#\/schema\/person\/fbc37b93c0f5bbdaa54a0a4fc59d8b8c"},"headline":"Strandwandeling &#8211; Strandpromenades in M\u00e1laga","datePublished":"2022-07-26T11:04:30+00:00","dateModified":"2023-11-20T13:06:24+00:00","mainEntityOfPage":{"@id":"https:\/\/www.malagacar.com\/nl\/blog\/vrije-tijd\/strandpromenades-in-malaga\/"},"wordCount":1701,"commentCount":0,"publisher":{"@id":"https:\/\/www.malagacar.com\/nl\/blog\/#organization"},"image":{"@id":"https:\/\/www.malagacar.com\/nl\/blog\/vrije-tijd\/strandpromenades-in-malaga\/#primaryimage"},"thumbnailUrl":"https:\/\/www.malagacar.com\/nl\/blog\/wp-content\/uploads\/2022\/07\/strandpromenade-malaga.jpg","articleSection":["Vrije Tijd"],"inLanguage":"nl-NL","potentialAction":[{"@type":"CommentAction","name":"Comment","target":["https:\/\/www.malagacar.com\/nl\/blog\/vrije-tijd\/strandpromenades-in-malaga\/#respond"]}]},{"@type":"WebPage","@id":"https:\/\/www.malagacar.com\/nl\/blog\/vrije-tijd\/strandpromenades-in-malaga\/","url":"https:\/\/www.malagacar.com\/nl\/blog\/vrije-tijd\/strandpromenades-in-malaga\/","name":"Strandwandeling - Strandpromenades in M\u00e1laga - MalagaCar.com Blog","isPartOf":{"@id":"https:\/\/www.malagacar.com\/nl\/blog\/#website"},"primaryImageOfPage":{"@id":"https:\/\/www.malagacar.com\/nl\/blog\/vrije-tijd\/strandpromenades-in-malaga\/#primaryimage"},"image":{"@id":"https:\/\/www.malagacar.com\/nl\/blog\/vrije-tijd\/strandpromenades-in-malaga\/#primaryimage"},"thumbnailUrl":"https:\/\/www.malagacar.com\/nl\/blog\/wp-content\/uploads\/2022\/07\/strandpromenade-malaga.jpg","datePublished":"2022-07-26T11:04:30+00:00","dateModified":"2023-11-20T13:06:24+00:00","description":"Er zijn waarschijnlijk maar weinig dingen die we zo sterk associ\u00ebren met vakantie als de strandpromenades in M\u00e1laga, geniet ervan met ons!","breadcrumb":{"@id":"https:\/\/www.malagacar.com\/nl\/blog\/vrije-tijd\/strandpromenades-in-malaga\/#breadcrumb"},"inLanguage":"nl-NL","potentialAction":[{"@type":"ReadAction","target":["https:\/\/www.malagacar.com\/nl\/blog\/vrije-tijd\/strandpromenades-in-malaga\/"]}]},{"@type":"ImageObject","inLanguage":"nl-NL","@id":"https:\/\/www.malagacar.com\/nl\/blog\/vrije-tijd\/strandpromenades-in-malaga\/#primaryimage","url":"https:\/\/www.malagacar.com\/nl\/blog\/wp-content\/uploads\/2022\/07\/strandpromenade-malaga.jpg","contentUrl":"https:\/\/www.malagacar.com\/nl\/blog\/wp-content\/uploads\/2022\/07\/strandpromenade-malaga.jpg","width":960,"height":654,"caption":"Strandpromenade Malaga"},{"@type":"BreadcrumbList","@id":"https:\/\/www.malagacar.com\/nl\/blog\/vrije-tijd\/strandpromenades-in-malaga\/#breadcrumb","itemListElement":[{"@type":"ListItem","position":1,"name":"Home","item":"https:\/\/www.malagacar.com\/nl\/blog\/"},{"@type":"ListItem","position":2,"name":"Strandwandeling &#8211; Strandpromenades in M\u00e1laga"}]},{"@type":"WebSite","@id":"https:\/\/www.malagacar.com\/nl\/blog\/#website","url":"https:\/\/www.malagacar.com\/nl\/blog\/","name":"MalagaCar.com Blog","description":"Nieuws en feiten over auto huren op de luchthaven van Malaga.","publisher":{"@id":"https:\/\/www.malagacar.com\/nl\/blog\/#organization"},"potentialAction":[{"@type":"SearchAction","target":{"@type":"EntryPoint","urlTemplate":"https:\/\/www.malagacar.com\/nl\/blog\/?s={search_term_string}"},"query-input":{"@type":"PropertyValueSpecification","valueRequired":true,"valueName":"search_term_string"}}],"inLanguage":"nl-NL"},{"@type":"Organization","@id":"https:\/\/www.malagacar.com\/nl\/blog\/#organization","name":"MalagaCar.com","url":"https:\/\/www.malagacar.com\/nl\/blog\/","logo":{"@type":"ImageObject","inLanguage":"nl-NL","@id":"https:\/\/www.malagacar.com\/nl\/blog\/#\/schema\/logo\/image\/","url":"https:\/\/www.malagacar.com\/nl\/blog\/wp-content\/uploads\/2021\/06\/logo-malagacar-social.png","contentUrl":"https:\/\/www.malagacar.com\/nl\/blog\/wp-content\/uploads\/2021\/06\/logo-malagacar-social.png","width":900,"height":900,"caption":"MalagaCar.com"},"image":{"@id":"https:\/\/www.malagacar.com\/nl\/blog\/#\/schema\/logo\/image\/"},"sameAs":["https:\/\/www.facebook.com\/malagacar","https:\/\/x.com\/malagacarcom","https:\/\/www.instagram.com\/malagacar\/","https:\/\/www.linkedin.com\/company\/malagacar.com","https:\/\/www.youtube.com\/c\/MalagacarAirport"]},{"@type":"Person","@id":"https:\/\/www.malagacar.com\/nl\/blog\/#\/schema\/person\/fbc37b93c0f5bbdaa54a0a4fc59d8b8c","name":"MalagaCar.com","image":{"@type":"ImageObject","inLanguage":"nl-NL","@id":"https:\/\/secure.gravatar.com\/avatar\/296ebc31026e7be05868369e4c596b3239b1582b2fcf8a45de57333e2e82bb82?s=96&d=mm&r=g","url":"https:\/\/secure.gravatar.com\/avatar\/296ebc31026e7be05868369e4c596b3239b1582b2fcf8a45de57333e2e82bb82?s=96&d=mm&r=g","contentUrl":"https:\/\/secure.gravatar.com\/avatar\/296ebc31026e7be05868369e4c596b3239b1582b2fcf8a45de57333e2e82bb82?s=96&d=mm&r=g","caption":"MalagaCar.com"},"sameAs":["https:\/\/www.malagacar.com\/nl\/"]}]}},"_links":{"self":[{"href":"https:\/\/www.malagacar.com\/nl\/blog\/wp-json\/wp\/v2\/posts\/4848","targetHints":{"allow":["GET"]}}],"collection":[{"href":"https:\/\/www.malagacar.com\/nl\/blog\/wp-json\/wp\/v2\/posts"}],"about":[{"href":"https:\/\/www.malagacar.com\/nl\/blog\/wp-json\/wp\/v2\/types\/post"}],"author":[{"embeddable":true,"href":"https:\/\/www.malagacar.com\/nl\/blog\/wp-json\/wp\/v2\/users\/1"}],"replies":[{"embeddable":true,"href":"https:\/\/www.malagacar.com\/nl\/blog\/wp-json\/wp\/v2\/comments?post=4848"}],"version-history":[{"count":1,"href":"https:\/\/www.malagacar.com\/nl\/blog\/wp-json\/wp\/v2\/posts\/4848\/revisions"}],"predecessor-version":[{"id":4849,"href":"https:\/\/www.malagacar.com\/nl\/blog\/wp-json\/wp\/v2\/posts\/4848\/revisions\/4849"}],"wp:featuredmedia":[{"embeddable":true,"href":"https:\/\/www.malagacar.com\/nl\/blog\/wp-json\/wp\/v2\/media\/4850"}],"wp:attachment":[{"href":"https:\/\/www.malagacar.com\/nl\/blog\/wp-json\/wp\/v2\/media?parent=4848"}],"wp:term":[{"taxonomy":"category","embeddable":true,"href":"https:\/\/www.malagacar.com\/nl\/blog\/wp-json\/wp\/v2\/categories?post=4848"},{"taxonomy":"post_tag","embeddable":true,"href":"https:\/\/www.malagacar.com\/nl\/blog\/wp-json\/wp\/v2\/tags?post=4848"}],"curies":[{"name":"wp","href":"https:\/\/api.w.org\/{rel}","templated":true}]}}