{"id":7563,"date":"2026-09-04T11:32:41","date_gmt":"2026-09-04T09:32:41","guid":{"rendered":"https:\/\/www.malagacar.com\/nl\/blog\/?p=7563"},"modified":"2026-09-04T11:36:34","modified_gmt":"2026-09-04T09:36:34","slug":"calle-larios-en-alameda-principal","status":"publish","type":"post","link":"https:\/\/www.malagacar.com\/nl\/blog\/malaga\/calle-larios-en-alameda-principal\/","title":{"rendered":"Calle Larios en Alameda Principal: het elegante hart van M\u00e1laga"},"content":{"rendered":"<p>Vandaag nemen we je mee voor een wandeling langs twee van de meest iconische plekken in het centrum van M\u00e1laga: Calle Larios en de Alameda Principal.<\/p>\n<p>Deze twee locaties liggen in het hart van M\u00e1laga, op een steenworp afstand van het prachtige <a href=\"https:\/\/www.malagacar.com\/nl\/blog\/vrije-tijd\/pier-een-malaga\/\" data-wpel-link=\"internal\"><strong>Muelle Uno<\/strong><\/a> (Pier 1), en vormen het kloppende hart van de stad op sociaal en commercieel vlak, en als ontmoetingsplek voor voetgangers. Zowel overdag als &#8217;s avonds bruist het gebied van leven; het is een levendige mix van de dagelijkse bezigheden van de lokale bevolking en bezoekers van over de hele wereld.<\/p>\n<p>Geniet van een ontspannen wandeling, ontdek verborgen plekjes of strijk neer op een terras of in een traditionele bar \u2014 laten we op pad gaan!<\/p>\n<p><!--more--><\/p>\n\n            <div class=\"banner\">\n                <div class=\"row\">\n                    <div class=\"col-sm-4\">\n                        <a href=\"\/nl\/autoverhuur\/quote.php\" data-wpel-link=\"internal\"><img decoding=\"async\" src=\"\/images\/banner-img.jpg\" alt=\"malagacar.com\"><\/a>\n                    <\/div>\n                    <div class=\"col-sm-8\">\n                      <a href=\"\/nl\/autoverhuur\/quote.php\" class=\"banner-title\" data-wpel-link=\"internal\">Goede autoverhuur <span>op Malaga Airport<\/span><\/a>   \n                        <div class=\"row\">\n                            <div class=\"col-sm-7\">\n                                <ul>\n                                    <li>Geen tankkosten<\/li>\n                                    <li>Gratis annuleringn<\/li>\n                                    <li>Huren zonder tussenpersonen<\/li>\n                                    <li>Betaal wanneer u de auto ophaalt<\/li>\n                                    <li><\/li>\n                                <\/ul>\n                            <\/div>\n                            <div class=\"col-sm-5\">\n                                <a class=\"btn-banner\" href=\"\/nl\/autoverhuur\/quote.php\" data-wpel-link=\"internal\">Bekijk prijzen<\/a>\n                                <img decoding=\"async\" class=\"zonturent\" src=\"\/images\/zontu-banner.png\" alt=\"\">\n                            <\/div>\n                        <\/div>\n                    <\/div>\n                 <\/div>  \n            <\/div>\n            \n<div id=\"ez-toc-container\" class=\"ez-toc-v2_0_87 counter-hierarchy ez-toc-counter ez-toc-light-blue ez-toc-container-direction\">\n<p class=\"ez-toc-title\" style=\"cursor:inherit\">Inhoudsopgave<\/p>\n<label for=\"ez-toc-cssicon-toggle-item-6a9bd21f83501\" class=\"ez-toc-cssicon-toggle-label\"><span class=\"\"><span class=\"eztoc-hide\" style=\"display:none;\">Toggle<\/span><span class=\"ez-toc-icon-toggle-span\"><svg style=\"fill: #999;color:#999\" xmlns=\"http:\/\/www.w3.org\/2000\/svg\" class=\"list-377408\" width=\"20px\" height=\"20px\" viewBox=\"0 0 24 24\" fill=\"none\"><path d=\"M6 6H4v2h2V6zm14 0H8v2h12V6zM4 11h2v2H4v-2zm16 0H8v2h12v-2zM4 16h2v2H4v-2zm16 0H8v2h12v-2z\" fill=\"currentColor\"><\/path><\/svg><svg style=\"fill: #999;color:#999\" class=\"arrow-unsorted-368013\" xmlns=\"http:\/\/www.w3.org\/2000\/svg\" width=\"10px\" height=\"10px\" viewBox=\"0 0 24 24\" version=\"1.2\" baseProfile=\"tiny\"><path d=\"M18.2 9.3l-6.2-6.3-6.2 6.3c-.2.2-.3.4-.3.7s.1.5.3.7c.2.2.4.3.7.3h11c.3 0 .5-.1.7-.3.2-.2.3-.5.3-.7s-.1-.5-.3-.7zM5.8 14.7l6.2 6.3 6.2-6.3c.2-.2.3-.5.3-.7s-.1-.5-.3-.7c-.2-.2-.4-.3-.7-.3h-11c-.3 0-.5.1-.7.3-.2.2-.3.5-.3.7s.1.5.3.7z\"\/><\/svg><\/span><\/span><\/label><input type=\"checkbox\"  id=\"ez-toc-cssicon-toggle-item-6a9bd21f83501\"  aria-label=\"Toggle\" \/><nav><ul class='ez-toc-list ez-toc-list-level-1 ' ><li class='ez-toc-page-1 ez-toc-heading-level-2'><a class=\"ez-toc-link ez-toc-heading-1\" href=\"https:\/\/www.malagacar.com\/nl\/blog\/malaga\/calle-larios-en-alameda-principal\/#Calle_Larios\" data-wpel-link=\"internal\">Calle Larios<\/a><ul class='ez-toc-list-level-3' ><li class='ez-toc-heading-level-3'><a class=\"ez-toc-link ez-toc-heading-2\" href=\"https:\/\/www.malagacar.com\/nl\/blog\/malaga\/calle-larios-en-alameda-principal\/#Winkelen\" data-wpel-link=\"internal\">Winkelen<\/a><\/li><li class='ez-toc-page-1 ez-toc-heading-level-3'><a class=\"ez-toc-link ez-toc-heading-3\" href=\"https:\/\/www.malagacar.com\/nl\/blog\/malaga\/calle-larios-en-alameda-principal\/#Dineren_en_tapas_aan_de_Calle_Larios_en_in_de_directe_omgeving\" data-wpel-link=\"internal\">Dineren en tapas aan de Calle Larios en in de directe omgeving<\/a><\/li><li class='ez-toc-page-1 ez-toc-heading-level-3'><a class=\"ez-toc-link ez-toc-heading-4\" href=\"https:\/\/www.malagacar.com\/nl\/blog\/malaga\/calle-larios-en-alameda-principal\/#Dakterrassen\" data-wpel-link=\"internal\">Dakterrassen<\/a><\/li><\/ul><\/li><li class='ez-toc-page-1 ez-toc-heading-level-2'><a class=\"ez-toc-link ez-toc-heading-5\" href=\"https:\/\/www.malagacar.com\/nl\/blog\/malaga\/calle-larios-en-alameda-principal\/#Calle_Larios_%E2%80%93_Centrum_van_de_belangrijkste_evenementen_in_Malaga\" data-wpel-link=\"internal\">Calle Larios \u2013 Centrum van de belangrijkste evenementen in M\u00e1laga<\/a><ul class='ez-toc-list-level-3' ><li class='ez-toc-heading-level-3'><a class=\"ez-toc-link ez-toc-heading-6\" href=\"https:\/\/www.malagacar.com\/nl\/blog\/malaga\/calle-larios-en-alameda-principal\/#Carnaval\" data-wpel-link=\"internal\">Carnaval<\/a><\/li><li class='ez-toc-page-1 ez-toc-heading-level-3'><a class=\"ez-toc-link ez-toc-heading-7\" href=\"https:\/\/www.malagacar.com\/nl\/blog\/malaga\/calle-larios-en-alameda-principal\/#Pasen\" data-wpel-link=\"internal\">Pasen<\/a><\/li><li class='ez-toc-page-1 ez-toc-heading-level-3'><a class=\"ez-toc-link ez-toc-heading-8\" href=\"https:\/\/www.malagacar.com\/nl\/blog\/malaga\/calle-larios-en-alameda-principal\/#Filmfestival_van_Malaga\" data-wpel-link=\"internal\">Filmfestival van M\u00e1laga<\/a><\/li><li class='ez-toc-page-1 ez-toc-heading-level-3'><a class=\"ez-toc-link ez-toc-heading-9\" href=\"https:\/\/www.malagacar.com\/nl\/blog\/malaga\/calle-larios-en-alameda-principal\/#Malaga_Kermis\" data-wpel-link=\"internal\">M\u00e1laga Kermis<\/a><\/li><li class='ez-toc-page-1 ez-toc-heading-level-3'><a class=\"ez-toc-link ez-toc-heading-10\" href=\"https:\/\/www.malagacar.com\/nl\/blog\/malaga\/calle-larios-en-alameda-principal\/#Fashion_week_%E2%80%93_Catwalk_Larios\" data-wpel-link=\"internal\">Fashion week &#8211; Catwalk Larios<\/a><\/li><li class='ez-toc-page-1 ez-toc-heading-level-3'><a class=\"ez-toc-link ez-toc-heading-11\" href=\"https:\/\/www.malagacar.com\/nl\/blog\/malaga\/calle-larios-en-alameda-principal\/#Halloween\" data-wpel-link=\"internal\">Halloween<\/a><\/li><li class='ez-toc-page-1 ez-toc-heading-level-3'><a class=\"ez-toc-link ez-toc-heading-12\" href=\"https:\/\/www.malagacar.com\/nl\/blog\/malaga\/calle-larios-en-alameda-principal\/#Kerstverlichting\" data-wpel-link=\"internal\">Kerstverlichting<\/a><\/li><\/ul><\/li><li class='ez-toc-page-1 ez-toc-heading-level-2'><a class=\"ez-toc-link ez-toc-heading-13\" href=\"https:\/\/www.malagacar.com\/nl\/blog\/malaga\/calle-larios-en-alameda-principal\/#Alameda_Principal\" data-wpel-link=\"internal\">Alameda Principal<\/a><ul class='ez-toc-list-level-3' ><li class='ez-toc-heading-level-3'><a class=\"ez-toc-link ez-toc-heading-14\" href=\"https:\/\/www.malagacar.com\/nl\/blog\/malaga\/calle-larios-en-alameda-principal\/#Eeuwenoude_ficusbomen\" data-wpel-link=\"internal\">Eeuwenoude ficusbomen<\/a><\/li><li class='ez-toc-page-1 ez-toc-heading-level-3'><a class=\"ez-toc-link ez-toc-heading-15\" href=\"https:\/\/www.malagacar.com\/nl\/blog\/malaga\/calle-larios-en-alameda-principal\/#Bloemenkraampjes\" data-wpel-link=\"internal\">Bloemenkraampjes<\/a><\/li><li class='ez-toc-page-1 ez-toc-heading-level-3'><a class=\"ez-toc-link ez-toc-heading-16\" href=\"https:\/\/www.malagacar.com\/nl\/blog\/malaga\/calle-larios-en-alameda-principal\/#Traditionele_kraampjes\" data-wpel-link=\"internal\">Traditionele kraampjes<\/a><\/li><li class='ez-toc-page-1 ez-toc-heading-level-3'><a class=\"ez-toc-link ez-toc-heading-17\" href=\"https:\/\/www.malagacar.com\/nl\/blog\/malaga\/calle-larios-en-alameda-principal\/#Historische_en_iconische_gebouwen\" data-wpel-link=\"internal\">Historische en iconische gebouwen<\/a><\/li><li class='ez-toc-page-1 ez-toc-heading-level-3'><a class=\"ez-toc-link ez-toc-heading-18\" href=\"https:\/\/www.malagacar.com\/nl\/blog\/malaga\/calle-larios-en-alameda-principal\/#Dineren_en_tapas_op_de_Paseo_de_la_Alameda_en_in_de_directe_omgeving\" data-wpel-link=\"internal\">Dineren en tapas op de Paseo de la Alameda en in de directe omgeving<\/a><\/li><li class='ez-toc-page-1 ez-toc-heading-level-3'><a class=\"ez-toc-link ez-toc-heading-19\" href=\"https:\/\/www.malagacar.com\/nl\/blog\/malaga\/calle-larios-en-alameda-principal\/#Feestelijkheden\" data-wpel-link=\"internal\">Feestelijkheden<\/a><\/li><\/ul><\/li><li class='ez-toc-page-1 ez-toc-heading-level-2'><a class=\"ez-toc-link ez-toc-heading-20\" href=\"https:\/\/www.malagacar.com\/nl\/blog\/malaga\/calle-larios-en-alameda-principal\/#Alameda_Park\" data-wpel-link=\"internal\">Alameda Park<\/a><ul class='ez-toc-list-level-3' ><li class='ez-toc-heading-level-3'><a class=\"ez-toc-link ez-toc-heading-21\" href=\"https:\/\/www.malagacar.com\/nl\/blog\/malaga\/calle-larios-en-alameda-principal\/#Activiteiten_in_het_Alameda-park\" data-wpel-link=\"internal\">Activiteiten in het Alameda-park<\/a><\/li><li class='ez-toc-page-1 ez-toc-heading-level-3'><a class=\"ez-toc-link ez-toc-heading-22\" href=\"https:\/\/www.malagacar.com\/nl\/blog\/malaga\/calle-larios-en-alameda-principal\/#Veelgestelde_vragen_over_de_Paseo_del_Parque\" data-wpel-link=\"internal\">Veelgestelde vragen over de Paseo del Parque<\/a><\/li><\/ul><\/li><\/ul><\/nav><\/div>\n<h2><span class=\"ez-toc-section\" id=\"Calle_Larios\"><\/span>Calle Larios<span class=\"ez-toc-section-end\"><\/span><\/h2>\n<p>Calle Marqu\u00e9s de Larios (in de volksmond simpelweg Calle Larios genoemd) is de beroemdste winkel- en voetgangersstraat in het historische centrum van M\u00e1laga.<\/p>\n<p>De straat werd in 1891 aangelegd door de markies van Larios en vormde destijds een belangrijke mijlpaal op het gebied van stedenbouw en architectuur. Het was een van &#8217;s werelds mooiste voorbeelden van 19e-eeuwse stedenbouwkundige vormgeving.<\/p>\n<p><a href=\"https:\/\/www.malagacar.com\/sp\/blog\/wp-content\/uploads\/2021\/11\/1908.jpg\" data-wpel-link=\"exclude\"><img loading=\"lazy\" decoding=\"async\" class=\"alignnone wp-image-9965\" src=\"https:\/\/www.malagacar.com\/sp\/blog\/wp-content\/uploads\/2021\/11\/1908.jpg\" alt=\"\" width=\"620\" height=\"469\" \/><\/a><\/p>\n<p>In 2002 werd het een volledig voetgangersgebied. Dit zorgde voor een radicale verandering in het commerci\u00eble en toeristische leven van het stadscentrum.<\/p>\n<p>Tegenwoordig verdwijnen de kleine, traditionele winkels. De Calle Marqu\u00e9s de Larios staat bekend als een van de duurste en meest exclusieve winkelstraten van Spanje.<\/p>\n<h3><span class=\"ez-toc-section\" id=\"Winkelen\"><\/span>Winkelen<span class=\"ez-toc-section-end\"><\/span><\/h3>\n<p>Calle Larios is de ultieme autovrije winkelstraat. Als u op zoek bent naar een elegante winkelervaring met internationale merken in een prachtige, autovrije omgeving, dan is Larios een absolute aanrader in M\u00e1laga.<\/p>\n<p>U vindt er vooral grote internationale premium modemerken, maar ook sieraden en cosmetica. Voorbeelden hiervan zijn <em>Massimo Dutti, Mango, Bimba y Lola, Adolfo Dom\u00ednguez, Desigual y Victoria&#8217;s Secret, Joyer\u00eda Marcos, Quera of Pandora.<\/em><\/p>\n<p><img loading=\"lazy\" decoding=\"async\" class=\"alignnone size-full wp-image-20061\" src=\"https:\/\/www.malagacar.com\/sp\/blog\/wp-content\/uploads\/2026\/09\/Calle-Larios-Tienda-Desigual.jpg\" alt=\"Calle Larios Tienda Desigual\" width=\"1000\" height=\"667\" \/><\/p>\n<p>Zoals eerder vermeld, vervaagt het unieke en charmante karakter van Calle Larios geleidelijk door de internationale winkelketens die in vrijwel elke grote stad te vinden zijn.<\/p>\n<p>Toch zijn er nog enkele historische zaken bewaard gebleven. Vooral caf\u00e9s, zoals de beroemde ijs- en noga-winkel Casa Mira of Cafeter\u00eda Lepanto. Deze zijn ideaal voor een pauze tijdens het winkelen.<\/p>\n<h3><span class=\"ez-toc-section\" id=\"Dineren_en_tapas_aan_de_Calle_Larios_en_in_de_directe_omgeving\"><\/span>Dineren en tapas aan de Calle Larios en in de directe omgeving<span class=\"ez-toc-section-end\"><\/span><\/h3>\n<p>Van al dat wandelen en winkelen krijg je trek!<\/p>\n<p>Hier is een selectie van de beste restaurants, tapasbars en caf\u00e9s, direct aan de Calle Larios of in de aangrenzende voetgangersstraten.<\/p>\n<p><img loading=\"lazy\" decoding=\"async\" class=\"alignnone size-full wp-image-18985\" src=\"https:\/\/www.malagacar.com\/sp\/blog\/wp-content\/uploads\/2026\/02\/Bar-Malaga-centro4-D.jpg\" alt=\"Bar Malaga centro\" width=\"1000\" height=\"667\" \/><\/p>\n<h4>Tapas en traditionele Andalusische keuken<\/h4>\n<p>\u2022 <a href=\"https:\/\/maps.app.goo.gl\/eeedMP6tTsFSavVQ6\" data-wpel-link=\"external\" target=\"_blank\" rel=\"external noopener noreferrer\" class=\"ext-link wpel-icon-right\"><strong>Casa Lola<\/strong><span class=\"wpel-icon wpel-image wpel-icon-2\"><\/span><\/a>: Op slechts een steenworp afstand van het einde van Calle Larios is dit een van de levendigste en populairste plekken in het centrum van M\u00e1laga. De zaak onderscheidt zich door de uitstekende traditionele sfeer, het ruime aanbod aan tapas en pinchos, en de huisgemaakte vermout van de tap.<\/p>\n<p>\u2022 <a href=\"https:\/\/maps.app.goo.gl\/hr4AyFCmcawZiymG7\" data-wpel-link=\"external\" target=\"_blank\" rel=\"external noopener noreferrer\" class=\"ext-link wpel-icon-right\"><strong>Los Marang\u00f3s Molina Lario<\/strong><span class=\"wpel-icon wpel-image wpel-icon-2\"><\/span><\/a>: Heel dicht bij de kathedraal en Calle Larios. Het is een fantastische keuze als je wilt genieten van traditionele Andalusische <em>raciones<\/em>.<\/p>\n<p>\u2022 <a href=\"https:\/\/maps.app.goo.gl\/VPMXsjz8YmMSpDT98\" data-wpel-link=\"external\" target=\"_blank\" rel=\"external noopener noreferrer\" class=\"ext-link wpel-icon-right\"><strong>LOLITA Taberna Andaluza<\/strong><span class=\"wpel-icon wpel-image wpel-icon-2\"><\/span><\/a>: Nog zo&#8217;n onmisbare Andalusische klassieker. Een levendige taverne in het hart van het historisch centrum, ideaal voor traditionele gerechten zoals flamenquines, kroketten of porra antequerana.<\/p>\n<p>\u2022 <a href=\"https:\/\/maps.app.goo.gl\/ZWUMgpAr4xtSAu7b6\" data-wpel-link=\"external\" target=\"_blank\" rel=\"external noopener noreferrer\" class=\"ext-link wpel-icon-right\"><strong>Los Mellizos M\u00e1laga<\/strong><span class=\"wpel-icon wpel-image wpel-icon-2\"><\/span><\/a>: Gelegen in een zijstraat vlak bij de Calle Larios. Als je naar M\u00e1laga komt op zoek naar uitstekende vis en zeevruchten, is dit d\u00e9 plek in het stadscentrum. Ze zijn gespecialiseerd in gefrituurde vis op z&#8217;n M\u00e1lagaans, verse vis en zeevruchten, en rijstgerechten.<\/p>\n<h4>Glutenvrije, vegetarische en veganistische opties<\/h4>\n<p>\u2022 <a href=\"https:\/\/maps.app.goo.gl\/hr4AyFCmcawZiymG7\" data-wpel-link=\"external\" target=\"_blank\" rel=\"external noopener noreferrer\" class=\"ext-link wpel-icon-right\"><strong>Los Marang\u00f3s<\/strong><span class=\"wpel-icon wpel-image wpel-icon-2\"><\/span><\/a>: Het is een van de veiligste en meest aanbevolen gelegenheden. Allergenen staan \u200b\u200bduidelijk vermeld op de menukaart. Ook bieden ze gerechten in mediterrane stijl aan die geschikt zijn voor vegetari\u00ebrs.<\/p>\n<p>\u2022<a href=\"https:\/\/maps.app.goo.gl\/mRLsRN4UJdNKB8po6\" data-wpel-link=\"external\" target=\"_blank\" rel=\"external noopener noreferrer\" class=\"ext-link wpel-icon-right\"><strong> Santa Soho<\/strong><span class=\"wpel-icon wpel-image wpel-icon-2\"><\/span><\/a>: Het is een paradijs als je op zoek bent naar een ontbijt of een alternatieve brunch. Ze bieden vegan cr\u00eapes, avocado-toast, fruitbowls, vegan gebak en plantaardige melksoorten voor al hun speciale koffies aan.<\/p>\n<p><img loading=\"lazy\" decoding=\"async\" class=\"alignnone wp-image-5564\" src=\"https:\/\/www.malagacar.com\/nl\/blog\/wp-content\/uploads\/2024\/07\/restaurantes-vegetarianos-veganos-nl.jpg\" alt=\"vegetarische &amp; veganistische restaurants in M\u00e1laga\" width=\"485\" height=\"514\" srcset=\"https:\/\/www.malagacar.com\/nl\/blog\/wp-content\/uploads\/2024\/07\/restaurantes-vegetarianos-veganos-nl.jpg 1079w, https:\/\/www.malagacar.com\/nl\/blog\/wp-content\/uploads\/2024\/07\/restaurantes-vegetarianos-veganos-nl-283x300.jpg 283w, https:\/\/www.malagacar.com\/nl\/blog\/wp-content\/uploads\/2024\/07\/restaurantes-vegetarianos-veganos-nl-968x1024.jpg 968w, https:\/\/www.malagacar.com\/nl\/blog\/wp-content\/uploads\/2024\/07\/restaurantes-vegetarianos-veganos-nl-768x813.jpg 768w\" sizes=\"auto, (max-width: 485px) 100vw, 485px\" \/><\/p>\n<ul>\n<li>Als je zin hebt om nog een paar meter te lopen, vind je in ons artikel 100% <a href=\"https:\/\/www.malagacar.com\/nl\/blog\/vrije-tijd\/vegetarische-veganistische-restaurants-malaga\/\" data-wpel-link=\"internal\"><strong>veganistische en vegetarische restaurants in het stadscentrum<\/strong><\/a>.<\/li>\n<\/ul>\n<h3><span class=\"ez-toc-section\" id=\"Dakterrassen\"><\/span>Dakterrassen<span class=\"ez-toc-section-end\"><\/span><\/h3>\n<p><img loading=\"lazy\" decoding=\"async\" class=\"alignnone size-full wp-image-4634\" src=\"https:\/\/www.malagacar.com\/sp\/blog\/wp-content\/uploads\/2015\/05\/Room-Mate-Larios.jpg\" alt=\"\" width=\"1067\" height=\"710\" \/><\/p>\n<p>Een drankje drinken op een terras met uitzicht over de stad is slechts een van de vele genoegens die M\u00e1laga te bieden heeft. Als je zin hebt in een cocktail, een kop koffie of een diner met een fantastisch panoramisch uitzicht \u2013 vlak bij of boven de Calle Larios \u2013 dan zijn dit de beste opties in het stadscentrum:<\/p>\n<p>\u2022 <strong>La Terraza de Larios<\/strong><\/p>\n<p>Gelegen op de bovenste verdieping van het klassieke <a href=\"https:\/\/maps.app.goo.gl\/dD1JU4aKKXTQmaxg7\" data-wpel-link=\"external\" target=\"_blank\" rel=\"external noopener noreferrer\" class=\"ext-link wpel-icon-right\"><strong>Hotel Larios<\/strong><span class=\"wpel-icon wpel-image wpel-icon-2\"><\/span><\/a>, biedt het een schitterend panoramisch uitzicht op de voetgangersstraat zelf en de kathedraal. Het is een ideale plek voor een drankje in de middag of avond, met op bepaalde dagen livemuziek van een dj.<\/p>\n<p>\u2022 <strong>La Terraza de Chinitas Urban Hostel<\/strong><\/p>\n<p><a href=\"https:\/\/goo.gl\/maps\/VzfSXemyssAdnBfV7\" data-wpel-link=\"external\" target=\"_blank\" rel=\"external noopener noreferrer\" class=\"ext-link wpel-icon-right\"><strong>Chinitas Urban Hostel<\/strong><span class=\"wpel-icon wpel-image wpel-icon-2\"><\/span><\/a> ligt op slechts enkele meters van Calle Larios en beschikt over een bar op het dak en uitzicht op de kathedraal. Het is een populaire, levendige plek met een informele sfeer.<\/p>\n<ul>\n<li>Als je meer <a href=\"https:\/\/www.malagacar.com\/nl\/blog\/vrije-tijd\/dakterrassen-uitzicht-malaga\/\" data-wpel-link=\"internal\"><strong>dakterrassen in het centrum van M\u00e1laga<\/strong><\/a> wilt ontdekken, kun je ze in ons artikel vinden.<\/li>\n<\/ul>\n<figure id=\"attachment_4586\" aria-describedby=\"caption-attachment-4586\" style=\"width: 1024px\" class=\"wp-caption alignnone\"><img loading=\"lazy\" decoding=\"async\" class=\"wp-image-4586 size-full\" src=\"https:\/\/www.malagacar.com\/sp\/blog\/wp-content\/uploads\/2015\/05\/Piscina-Lounge-Hotel-Molina-Lario-2.jpg\" alt=\"Piscina Lounge Hotel Molina Lario (2)\" width=\"1024\" height=\"718\" \/><figcaption id=\"caption-attachment-4586\" class=\"wp-caption-text\">Zwembad Lounge Hotel Molina Lario<\/figcaption><\/figure>\n<h2><span class=\"ez-toc-section\" id=\"Calle_Larios_%E2%80%93_Centrum_van_de_belangrijkste_evenementen_in_Malaga\"><\/span>Calle Larios \u2013 Centrum van de belangrijkste evenementen in M\u00e1laga<span class=\"ez-toc-section-end\"><\/span><\/h2>\n<p>Er is in M\u00e1laga geen enkel groot evenement dat niet door de Calle Larios trekt. Het is letterlijk het kloppend hart van elk festival of elke belangrijke gebeurtenis en trekt daardoor altijd enorme aantallen bezoekers.<\/p>\n<p>Misschien wil je tijdens deze periode zelf de festiviteiten bijwonen en aan den lijve ondervinden hoe M\u00e1laga feestviert.<\/p>\n<h3><span class=\"ez-toc-section\" id=\"Carnaval\"><\/span>Carnaval<span class=\"ez-toc-section-end\"><\/span><\/h3>\n<figure id=\"attachment_7553\" aria-describedby=\"caption-attachment-7553\" style=\"width: 624px\" class=\"wp-caption alignnone\"><img loading=\"lazy\" decoding=\"async\" class=\"size-full wp-image-7553\" src=\"https:\/\/www.malagacar.com\/sp\/blog\/wp-content\/uploads\/2020\/01\/carnaval.jpg\" alt=\"carnaval M\u00e1laga\" width=\"624\" height=\"385\" \/><figcaption id=\"caption-attachment-7553\" class=\"wp-caption-text\">Batalla de las Flores at Calle Larios<\/figcaption><\/figure>\n<p>Tijdens carnaval komt Calle Larios tot leven met licht, kleur en een feestelijke sfeer, met verlichte bogen en iconische evenementen zoals de Bloemenstrijd en de Begrafenis van de Ansjovis.<\/p>\n<ul>\n<li>Alles wat je moet weten, vind je in ons artikel over <a href=\"https:\/\/www.malagacar.com\/nl\/blog\/vrije-tijd\/carnaval-malaga\/\" data-wpel-link=\"internal\"><strong>Carnaval in M\u00e1laga<\/strong><\/a>.<\/li>\n<\/ul>\n<h3><span class=\"ez-toc-section\" id=\"Pasen\"><\/span>Pasen<span class=\"ez-toc-section-end\"><\/span><\/h3>\n<p><img loading=\"lazy\" decoding=\"async\" class=\"alignnone size-full wp-image-5250\" src=\"https:\/\/www.malagacar.com\/sp\/blog\/wp-content\/uploads\/2016\/03\/Semana-santa-2016.jpg\" alt=\"\" width=\"805\" height=\"570\" \/><\/p>\n<p>Het is een essentieel, historisch deel van de offici\u00eble route voor de processies in M\u00e1laga, die met grote vurigheid tot in de vroege uurtjes worden beleefd. De Goede Week in M\u00e1laga geldt als een van de belangrijkste van Spanje en trekt elk jaar duizenden gelovigen en toeristen die getuige willen zijn van dit diep ontroerende schouwspel.<\/p>\n<ul>\n<li>Alles wat u moet weten, vindt u in ons artikel over <a href=\"https:\/\/www.malagacar.com\/nl\/blog\/vrije-tijd\/pasen-malaga\/\" data-wpel-link=\"internal\"><strong>Pasen in M\u00e1laga<\/strong><\/a>.<\/li>\n<\/ul>\n<h3><span class=\"ez-toc-section\" id=\"Filmfestival_van_Malaga\"><\/span>Filmfestival van M\u00e1laga<span class=\"ez-toc-section-end\"><\/span><\/h3>\n<p>In maart of april wordt de Calle Larios volledig aangekleed met een enorme rode loper.<\/p>\n<ul>\n<li>Bekijk onze <a href=\"https:\/\/www.malagacar.com\/nl\/blog\/tips\/costa-del-sol-gids\/#Evenementenkalender\" data-wpel-link=\"internal\"><strong>Evenementenkalender voor M\u00e1laga<\/strong><\/a> voor meer informatie.<\/li>\n<\/ul>\n<h3><span class=\"ez-toc-section\" id=\"Malaga_Kermis\"><\/span>M\u00e1laga Kermis<span class=\"ez-toc-section-end\"><\/span><\/h3>\n<p><img loading=\"lazy\" decoding=\"async\" class=\"wp-image-11694 size-full\" src=\"https:\/\/www.malagacar.com\/sp\/blog\/wp-content\/uploads\/2019\/07\/feria-dia3.jpg\" alt=\"feria de d\u00eda M\u00e1laga\" width=\"1200\" height=\"802\" \/><\/p>\n<p>In de maand augustus vormt de stad het middelpunt van de festiviteiten rond de &#8216;dagkermis&#8217;. Tijdens deze kermis in het stadscentrum \u2013 die zich uitstrekt over de Plaza de la Constituci\u00f3n, de Calle Larios en diverse straten in de historische wijk \u2013 staan \u200b\u200btraditionele zang en dans centraal.<\/p>\n<p>Er heerst een geweldige sfeer, met duizenden mensen die op straat dansen en plezier maken.<\/p>\n<ul>\n<li>In onze speciale uitgave vindt u alles wat u moet weten over de <a href=\"https:\/\/www.malagacar.com\/nl\/blog\/vrije-tijd\/malaga-kermis\/\" data-wpel-link=\"internal\"><strong>Kermis van M\u00e1laga<\/strong><\/a>.<\/li>\n<\/ul>\n<h3><span class=\"ez-toc-section\" id=\"Fashion_week_%E2%80%93_Catwalk_Larios\"><\/span>Fashion week &#8211; Catwalk Larios<span class=\"ez-toc-section-end\"><\/span><\/h3>\n<p><a href=\"https:\/\/www.malagacar.com\/sp\/blog\/wp-content\/uploads\/2016\/08\/pasarela-larios.jpg\" data-wpel-link=\"exclude\"><img loading=\"lazy\" decoding=\"async\" class=\"alignnone wp-image-5616 size-full\" src=\"https:\/\/www.malagacar.com\/sp\/blog\/wp-content\/uploads\/2016\/08\/pasarela-larios.jpg\" alt=\"Pasarela Larios \/ Fashion Week M\u00e1laga\" width=\"604\" height=\"340\" \/><\/a><\/p>\n<p>Larios Fashion Week vindt elk jaar in september plaats. Het is de langste haute-couture-catwalk van Europa; deze strekt zich uit over meer dan 300 meter en vindt in de openlucht plaats in de Calle Larios.<\/p>\n<ul>\n<li>Bekijk onze <a href=\"https:\/\/www.malagacar.com\/nl\/blog\/tips\/costa-del-sol-gids\/#Evenementenkalender\" data-wpel-link=\"internal\"><strong>Evenementenkalender voor M\u00e1laga<\/strong><\/a> voor meer informatie.<\/li>\n<\/ul>\n<h3><span class=\"ez-toc-section\" id=\"Halloween\"><\/span>Halloween<span class=\"ez-toc-section-end\"><\/span><\/h3>\n<p><img loading=\"lazy\" decoding=\"async\" class=\"alignnone size-large wp-image-6767\" src=\"https:\/\/www.malagacar.com\/sp\/blog\/wp-content\/uploads\/2018\/09\/halloween-Malaga-2-1024x554.jpg\" alt=\"Halloween M\u00e1laga 2018\" width=\"750\" height=\"406\" \/><\/p>\n<p>Ook tijdens Halloween is Calle Larios een hotspot, die op de griezeligste avond van het jaar wemelt van de angstaanjagende wezens.<\/p>\n<ul>\n<li>Alles wat je moet weten, vind je in ons artikel over <a href=\"https:\/\/www.malagacar.com\/nl\/blog\/vrije-tijd\/halloween-in-malaga\/\" data-wpel-link=\"internal\"><strong>Halloween in M\u00e1laga<\/strong><\/a>.<\/li>\n<\/ul>\n<h3><span class=\"ez-toc-section\" id=\"Kerstverlichting\"><\/span>Kerstverlichting<span class=\"ez-toc-section-end\"><\/span><\/h3>\n<p><img loading=\"lazy\" decoding=\"async\" class=\"alignnone size-full wp-image-8431\" src=\"https:\/\/www.malagacar.com\/blog\/wp-content\/uploads\/2019\/11\/luces-navidad-malaga-en.jpg\" alt=\"christmas lights malaga\" width=\"1011\" height=\"569\" \/><\/p>\n<p>De kerstverlichting in de Calle Larios, de centrale straat van M\u00e1laga, behoort tot de mooiste van Europa.<\/p>\n<ul>\n<li>In ons artikel <a href=\"https:\/\/www.malagacar.com\/nl\/blog\/vrije-tijd\/kerstverlichting-malaga\/\" data-wpel-link=\"internal\"><strong>Kerstverlichting in M\u00e1laga<\/strong><\/a> vind je alles wat je moet weten over de openingsceremonie, de dagelijkse shows, bijbehorende activiteiten en nog veel meer!<\/li>\n<\/ul>\n<p><iframe loading=\"lazy\" title=\"&#x1f4cd; Calle Larios | M\u00e1laga - Spain\" src=\"https:\/\/www.youtube.com\/embed\/c8XDDJYSHoE\" width=\"315\" height=\"576\" frameborder=\"0\" allowfullscreen=\"allowfullscreen\"><\/iframe><\/p>\n<h2><span class=\"ez-toc-section\" id=\"Alameda_Principal\"><\/span>Alameda Principal<span class=\"ez-toc-section-end\"><\/span><\/h2>\n<p>De Alameda Principal en het Alameda-park vormen de grote historische verkeersader en het groene hart van het stadscentrum. De Alameda Principal werd eind 18e eeuw aangelegd op land dat op de zee was gewonnen.<\/p>\n<p><img loading=\"lazy\" decoding=\"async\" class=\"alignnone size-full wp-image-20046\" src=\"https:\/\/www.malagacar.com\/sp\/blog\/wp-content\/uploads\/2026\/09\/alameda2.jpg\" alt=\"alameda principal malaga \" width=\"1000\" height=\"682\" \/><\/p>\n<p>Wandelend in de schaduw van eeuwenoude ficusbomen treft u een mix aan van geschiedenis, statige architectuur, traditionele winkels en monumenten.<\/p>\n<h3><span class=\"ez-toc-section\" id=\"Eeuwenoude_ficusbomen\"><\/span>Eeuwenoude ficusbomen<span class=\"ez-toc-section-end\"><\/span><\/h3>\n<p><img loading=\"lazy\" decoding=\"async\" class=\"alignnone size-full wp-image-20047\" src=\"https:\/\/www.malagacar.com\/sp\/blog\/wp-content\/uploads\/2026\/09\/alameda3.jpg\" alt=\"alameda malaga\" width=\"1000\" height=\"750\" \/><\/p>\n<p>Deze prachtige, eeuwenoude bomen geven de omgeving een bijzondere charme. Veel van de bomen zijn ruim 100 of zelfs 150 jaar oud. Ze vormen een weelderig groen bladerdak dat de hele laan in de schaduw hult \u2013 iets wat vooral op warme dagen zeer wordt gewaardeerd.<\/p>\n<p>Tijdens de kerstperiode zijn deze ficussen versierd met duizenden lichtjes, wat zorgt voor een magische, feestelijke sfeer.<\/p>\n<h3><span class=\"ez-toc-section\" id=\"Bloemenkraampjes\"><\/span>Bloemenkraampjes<span class=\"ez-toc-section-end\"><\/span><\/h3>\n<p><img loading=\"lazy\" decoding=\"async\" class=\"alignnone wp-image-20048\" src=\"https:\/\/www.malagacar.com\/sp\/blog\/wp-content\/uploads\/2026\/09\/puestos-flores-819x1024.jpg\" alt=\"puestos flores alameda principal\" width=\"502\" height=\"628\" \/><\/p>\n<p>Over planten gesproken: de traditionele bloemenkraampjes op de Alameda Principal vormen een waar historisch, cultureel en visueel icoon van de stad. Langs de hele Alameda geniet u van een voortdurend schouwspel van kleuren en geuren, met een grote verscheidenheid aan verse bloemen, sierplanten in pot en handgemaakte bloemstukken.<\/p>\n<h3><span class=\"ez-toc-section\" id=\"Traditionele_kraampjes\"><\/span>Traditionele kraampjes<span class=\"ez-toc-section-end\"><\/span><\/h3>\n<p>Naast de historische bloemenkraampjes zijn er ook traditionele krantenkiosken en kraampjes waar \u2013 afhankelijk van het seizoen \u2013 gepofte kastanjes of gepofte aardappelen worden verkocht.<\/p>\n<h3><span class=\"ez-toc-section\" id=\"Historische_en_iconische_gebouwen\"><\/span>Historische en iconische gebouwen<span class=\"ez-toc-section-end\"><\/span><\/h3>\n<figure id=\"attachment_20045\" aria-describedby=\"caption-attachment-20045\" style=\"width: 750px\" class=\"wp-caption alignnone\"><img loading=\"lazy\" decoding=\"async\" class=\"wp-image-20045 size-large\" src=\"https:\/\/www.malagacar.com\/sp\/blog\/wp-content\/uploads\/2026\/09\/Archivo-Municipal-de-Malaga-1024x768.jpg\" alt=\"Archivo Municipal de M\u00e1laga\" width=\"750\" height=\"563\" \/><figcaption id=\"caption-attachment-20045\" class=\"wp-caption-text\">Gemeentearchief van M\u00e1laga<\/figcaption><\/figure>\n<p>Terwijl u over de Alameda wandelt, passeert u opmerkelijke gebouwen zoals het Taillefer-gebouw, het gemeentearchief van M\u00e1laga, de Stella Maris-kerk, het iconische Equitativa-gebouw en het monument voor de markies van Larios.<\/p>\n<h3><span class=\"ez-toc-section\" id=\"Dineren_en_tapas_op_de_Paseo_de_la_Alameda_en_in_de_directe_omgeving\"><\/span>Dineren en tapas op de Paseo de la Alameda en in de directe omgeving<span class=\"ez-toc-section-end\"><\/span><\/h3>\n<figure id=\"attachment_20049\" aria-describedby=\"caption-attachment-20049\" style=\"width: 960px\" class=\"wp-caption alignnone\"><img loading=\"lazy\" decoding=\"async\" class=\"size-full wp-image-20049\" src=\"https:\/\/www.malagacar.com\/sp\/blog\/wp-content\/uploads\/2026\/09\/Fachada-de-la-antigua-Casa-de-Guardia.jpg\" alt=\"antigua Casa de Guardia\" width=\"960\" height=\"720\" \/><figcaption id=\"caption-attachment-20049\" class=\"wp-caption-text\">Bodega Antigua Casa de Guardia, in Alameda Principal, opgericht in 1840.<\/figcaption><\/figure>\n<p>Langs de Alameda Principal en de aangrenzende straten vindt u uitstekende eetgelegenheden, vari\u00ebrend van eeuwenoude tavernes tot moderne fine-diningrestaurants en zaken die gespecialiseerd zijn in gastronomische hamburgers.<\/p>\n<h4>Historische tavernes en traditionele tapas<\/h4>\n<ul>\n<li><a href=\"https:\/\/maps.app.goo.gl\/LZa1RGtCmZai5JYY8\" data-wpel-link=\"external\" target=\"_blank\" rel=\"external noopener noreferrer\" class=\"ext-link wpel-icon-right\"><strong>Antigua Casa de Guardia<\/strong><span class=\"wpel-icon wpel-image wpel-icon-2\"><\/span><\/a>, geopend in 1840, is de oudste wijnbar van M\u00e1laga. Zowel de lokale bevolking als bezoekers drinken er staand M\u00e1laga-wijn, rechtstreeks getapt uit traditionele vaten. De rekening wordt nog altijd met krijt op de houten bar bijgehouden.<\/li>\n<\/ul>\n<ul>\n<li>Voor een authentieke maritieme sfeer kunt u terecht bij de iconische <a href=\"https:\/\/maps.app.goo.gl\/apKj19mnahrtVY6o9\" data-wpel-link=\"external\" target=\"_blank\" rel=\"external noopener noreferrer\" class=\"ext-link wpel-icon-right\"><strong>centrale markt Atarazanas<\/strong><span class=\"wpel-icon wpel-image wpel-icon-2\"><\/span><\/a>, op slechts een korte wandeling van de Alameda Principal. Dit gebied staat bekend om de beste gefrituurde vis en verse zeevruchten, die direct bij de marktkramen op bestelling worden bereid.<\/li>\n<\/ul>\n<ul>\n<li><a href=\"https:\/\/maps.app.goo.gl\/B37zBehgjidBs6TK8\" data-wpel-link=\"external\" target=\"_blank\" rel=\"external noopener noreferrer\" class=\"ext-link wpel-icon-right\"><strong>Tragat\u00e1<\/strong><span class=\"wpel-icon wpel-image wpel-icon-2\"><\/span><\/a>, onder leiding van de gerenommeerde chef-kok Benito G\u00f3mez, biedt een culinaire fine-diningervaring met tapas en gerechten die diep geworteld zijn in de Andalusische traditie.<\/li>\n<\/ul>\n<h4>Verfijnde restaurants en terrassen<\/h4>\n<ul>\n<li>Restaurante Carmen bevindt zich op de begane grond van het vijfsterrenhotel <a href=\"https:\/\/maps.app.goo.gl\/qrrEncNFGH1Uw8MP9\" data-wpel-link=\"external\" target=\"_blank\" rel=\"external noopener noreferrer\" class=\"ext-link wpel-icon-right\"><strong>Only YOU M\u00e1laga<\/strong><span class=\"wpel-icon wpel-image wpel-icon-2\"><\/span><\/a>. Het biedt een fantastische mediterrane keuken met internationale fusion-invloeden in een stijlvolle ambiance.<\/li>\n<\/ul>\n<ul>\n<li><a href=\"https:\/\/maps.app.goo.gl\/XAMGSdVdxYxKRsb49\" data-wpel-link=\"external\" target=\"_blank\" rel=\"external noopener noreferrer\" class=\"ext-link wpel-icon-right\"><strong>Sonora Sky Bites<\/strong><span class=\"wpel-icon wpel-image wpel-icon-2\"><\/span><\/a> is een rooftopbar op de bovenste verdieping van hetzelfde gebouw; de ideale plek om te genieten van een panoramisch uitzicht op de haven van M\u00e1laga, onder het genot van kenmerkende cocktails, informele gerechten en sushi.<\/li>\n<\/ul>\n<h3><span class=\"ez-toc-section\" id=\"Feestelijkheden\"><\/span>Feestelijkheden<span class=\"ez-toc-section-end\"><\/span><\/h3>\n<p>Als een van de belangrijkste verkeersaders van de stad is de Alameda ook een belangrijke locatie voor lokale festiviteiten en vieringen, met name Kerstmis, carnaval en de Goede Week.<\/p>\n<h2><span class=\"ez-toc-section\" id=\"Alameda_Park\"><\/span>Alameda Park<span class=\"ez-toc-section-end\"><\/span><\/h2>\n<p><img loading=\"lazy\" decoding=\"async\" class=\"alignnone size-full wp-image-20052\" src=\"https:\/\/www.malagacar.com\/sp\/blog\/wp-content\/uploads\/2026\/09\/Vista-al-Parque-Central-de-Malaga-desde-Alcazaba.jpg\" alt=\"Vista al Parque Alameda desde la Alcazaba\" width=\"1000\" height=\"454\" \/><\/p>\n<p>Dit park vormt het grote groene hart van de stad en ligt aan zee, op een steenworp afstand van het historische centrum. Alameda Park werd eind 19e eeuw aangelegd op land dat op de zee was gewonnen.<\/p>\n<p>Het park herbergt talloze tropische en subtropische plantensoorten en eeuwenoude bomen; dankzij de buitengewone collectie subtropische flora en de vormgeving in renaissance- en barokstijl is het tegenwoordig een van de belangrijkste tuinen van Europa.<\/p>\n<p><img loading=\"lazy\" decoding=\"async\" class=\"alignnone size-full wp-image-20059\" src=\"https:\/\/www.malagacar.com\/sp\/blog\/wp-content\/uploads\/2026\/09\/parque-alameda4.jpg\" alt=\"\" width=\"1000\" height=\"667\" \/><\/p>\n<p>U kunt bijna een kilometer lang wandelen door 30.000 vierkante meter verfrissende schaduw of uitrusten op bankjes die zijn bekleed met tegels uit Sevilla.<\/p>\n<p>In het midden van het park bevindt zich het gemeentelijk amfitheater Eduardo Oc\u00f3n. Het hele jaar door vinden hier muziekfestivals plaats \u2013 zoals *verdiales* \u2013 en diverse culturele evenementen.<\/p>\n<p>Aan de overkant van de straat ligt nog een prachtig groengebied: de tuinen van Pedro Luis Alonso. Dit is een aangelegde tuin met een lelievijver en bankjes, omringd door sinaasappel- en cipressen-bomen. De tuin ligt naast het stadhuis.<\/p>\n<figure id=\"attachment_20058\" aria-describedby=\"caption-attachment-20058\" style=\"width: 1000px\" class=\"wp-caption alignnone\"><img loading=\"lazy\" decoding=\"async\" class=\"size-full wp-image-20058\" src=\"https:\/\/www.malagacar.com\/sp\/blog\/wp-content\/uploads\/2026\/09\/parque-alameda2.jpg\" alt=\"Jardines de Pedro Luis Alonso\" width=\"1000\" height=\"667\" \/><figcaption id=\"caption-attachment-20058\" class=\"wp-caption-text\">Jardines de Pedro Luis Alonso<\/figcaption><\/figure>\n<p>Als u M\u00e1laga bezoekt, is een wandeling over de Alameda bijna een must. Het is de perfecte ontmoetingsplek tussen de drukte van de haven, het Alcazaba en het stadsleven. Met zijn pri\u00eblen, betegelde bankjes, kiosken en monumenten biedt het een ontspannen en sfeervolle ervaring waarin geschiedenis, plantkunde en kunst samenkomen.<\/p>\n<h3><span class=\"ez-toc-section\" id=\"Activiteiten_in_het_Alameda-park\"><\/span>Activiteiten in het Alameda-park<span class=\"ez-toc-section-end\"><\/span><\/h3>\n<h4>&#8216;Sabor a M\u00e1laga&#8217;-beurs in december<\/h4>\n<p><img loading=\"lazy\" decoding=\"async\" class=\"alignnone size-full wp-image-20055\" src=\"https:\/\/www.malagacar.com\/sp\/blog\/wp-content\/uploads\/2026\/09\/sabor-a-malaga.jpg\" alt=\"Feria Sabor a M\u00e1laga\" width=\"1000\" height=\"665\" \/><\/p>\n<p>Mis dit grote gastronomische evenement aan de Paseo del Parque niet, waar zo&#8217;n honderd lokale producenten aanwezig zijn.<\/p>\n<p>Proef en koop de allerbeste broden, vleeswaren, wijnen, aardappelen, honing, olijfolie, chocolade, kerstlekkernijen, kazen, jam en nog veel meer.<\/p>\n<p>De grote &#8220;Sabor a M\u00e1laga&#8221;-beurs vindt elk jaar plaats tijdens het lange weekend in december (ongeveer van 4 tot 9 december).<\/p>\n<ul>\n<li>Raadpleeg onze <a href=\"https:\/\/www.malagacar.com\/nl\/blog\/tips\/costa-del-sol-gids\/#Evenementenkalender\" data-wpel-link=\"internal\"><strong>Evenementenkalender voor M\u00e1laga<\/strong><\/a> voor de exacte data.<\/li>\n<\/ul>\n<h4>Eduardo Oc\u00f3n-auditorium<\/h4>\n<p>Het Eduardo Oc\u00f3n-auditorium is een openluchtpodium in het weelderige Alameda-park. U kunt er genieten van culturele evenementen en gratis activiteiten, vooral tijdens de zomermaanden.<\/p>\n<h4>Kerstmarkt<\/h4>\n<p>Het Alameda-park was de eerste plek waar kerstkraampjes werden opgezet.<\/p>\n<p>Maak een wandeling en geniet van de feestelijke sfeer die zo kenmerkend is voor deze tijd van het jaar.<\/p>\n<ul>\n<li>Als u ge\u00efnteresseerd bent: we hebben een artikel gepubliceerd met een overzicht van alle <a href=\"https:\/\/www.malagacar.com\/nl\/blog\/vrije-tijd\/kerstmarkten-malaga\/\" data-wpel-link=\"internal\"><strong>Kerstmarkten in M\u00e1laga<\/strong><\/a>.<\/li>\n<\/ul>\n<h3><span class=\"ez-toc-section\" id=\"Veelgestelde_vragen_over_de_Paseo_del_Parque\"><\/span>Veelgestelde vragen over de Paseo del Parque<span class=\"ez-toc-section-end\"><\/span><\/h3>\n<h4>Is de Paseo del Parque gratis en gelden er vaste openingstijden?<\/h4>\n<p>Ja, het park is volledig gratis en het hele jaar door 24 uur per dag geopend.<\/p>\n<h4>Hoe lang duurt een wandeling door de Paseo del Parque?<\/h4>\n<p>Een ontspannen wandeling duurt tussen de 30 en 60 minuten, al blijven veel bezoekers langer hangen om foto&#8217;s te maken of uit te rusten in de prieeltjes.<\/p>\n<h4>Welke plantensoorten vallen op in het park?<\/h4>\n<p>Palmbomen, eeuwenoude ficussen, kapokbomen (floss silk trees), drakenbloedbomen en meer dan 300 subtropische soorten van vijf continenten.<\/p>\n<h4>Is het park toegankelijk voor mensen die slecht ter been zijn?<\/h4>\n<p>Ja, het centrale pad is vlak en toegankelijk voor rolstoelgebruikers.<\/p>\n<h4>Zijn honden toegestaan?<\/h4>\n<p>Ja, mits ze aangelijnd zijn en de uitwerpselen worden opgeruimd.<\/p>\n<h4>Is er parkeergelegenheid in de buurt?<\/h4>\n<p>Ja, er zijn diverse openbare parkeerplaatsen op slechts enkele minuten afstand (Plaza de la Marina en Muelle Heredia).<\/p>\n<h4>Is het een geschikte plek voor een bezoek met kinderen?<\/h4>\n<p>Ja, er zijn speeltuinen, volop schaduw en de sfeer is erg aangenaam.<\/p>\n<h4>Wat is de beste tijd voor een bezoek?<\/h4>\n<p>De lente en de herfst zijn ideaal. In de zomer kun je het beste vroeg in de ochtend of bij zonsondergang gaan.<\/p>\n\t\t\t\t\n\t\t\t\t<div id=\"search-form2\" class=\"big-quote index-mobile\">\n\t\t\t\t<form id=\"frmSearch\" name=\"frmSearch\" action=\"\/nl\/autoverhuur\/quote.php\" method=\"post\"  name=\"quote\" class=\"container-fluid\">\n\t\t\t\t\t\t\t\t\t<div class=\"row\">\n\t\t\t\t\t\t<div class=\"col-sm-6\">\n\n\t\t\t\t\t\t\t<div class=\"form-group\">\n\t\t\t\t\t\t\t\t<label for=\"entrega\"><h4>Ophalen<\/h4><\/label>\n\t\t\t\t\t\t\t\t<select name=\"entrega\" id=\"entrega\" class=\"custom-select\">\n\t\t\t\t\t\t\t\t\t<option value=\"airport\"  selected>Luchthaven M\u00e1laga<\/option>\n\t\t\t\t\t\t\t\t\t\t\t\t\t\t\t\t<\/select>\n\t\t\t\t\t\t\t\t<div class=\"form-inline my-2\">\n\t\t\t\t\t\t\t\t\t<input id=\"pDate\" class=\"form-control\" value=\"08\/09\/2026\" name=\"pDate\" readonly onchange=\"return uppdate()\">\n\t\t\t\t\t\t\t\t\t<select class=\"custom-select\" id=\"phorasminutos\" name=\"phorasminutos\" oninvalid=\"setCustomValidity('Laat ons uw aankomsttijd weten')\" onchange=\"setCustomValidity('')\">\n\t\t\t\t\t\t\t\t\t\t<option value=\"-\" selected>--:--<\/option>\n\t\t\t\t\t\t\t\t\t\t\t\t\t\t\t\t\t\t\t\t<option value=\"00:00\">\n\t\t\t\t\t\t\t\t\t\t\t00:00<\/option>\n\t\t\t\t\t\t\t\t\t\t<option value=\"00:15\">\n\t\t\t\t\t\t\t\t\t\t\t00:15<\/option>\n\t\t\t\t\t\t\t\t\t\t<option value=\"00:30\">\n\t\t\t\t\t\t\t\t\t\t\t00:30<\/option>\n\t\t\t\t\t\t\t\t\t\t<option value=\"00:45\">\n\t\t\t\t\t\t\t\t\t\t\t00:45<\/option>\n\t\t\t\t\t\t\t\t\t\t\t\t\t\t\t\t\t\t\t\t<option value=\"01:00\">\n\t\t\t\t\t\t\t\t\t\t\t01:00<\/option>\n\t\t\t\t\t\t\t\t\t\t<option value=\"01:15\">\n\t\t\t\t\t\t\t\t\t\t\t01:15<\/option>\n\t\t\t\t\t\t\t\t\t\t<option value=\"01:30\">\n\t\t\t\t\t\t\t\t\t\t\t01:30<\/option>\n\t\t\t\t\t\t\t\t\t\t<option value=\"01:45\">\n\t\t\t\t\t\t\t\t\t\t\t01:45<\/option>\n\t\t\t\t\t\t\t\t\t\t\t\t\t\t\t\t\t\t\t\t<option value=\"02:00\">\n\t\t\t\t\t\t\t\t\t\t\t02:00<\/option>\n\t\t\t\t\t\t\t\t\t\t<option value=\"02:15\">\n\t\t\t\t\t\t\t\t\t\t\t02:15<\/option>\n\t\t\t\t\t\t\t\t\t\t<option value=\"02:30\">\n\t\t\t\t\t\t\t\t\t\t\t02:30<\/option>\n\t\t\t\t\t\t\t\t\t\t<option value=\"02:45\">\n\t\t\t\t\t\t\t\t\t\t\t02:45<\/option>\n\t\t\t\t\t\t\t\t\t\t\t\t\t\t\t\t\t\t\t\t<option value=\"03:00\">\n\t\t\t\t\t\t\t\t\t\t\t03:00<\/option>\n\t\t\t\t\t\t\t\t\t\t<option value=\"03:15\">\n\t\t\t\t\t\t\t\t\t\t\t03:15<\/option>\n\t\t\t\t\t\t\t\t\t\t<option value=\"03:30\">\n\t\t\t\t\t\t\t\t\t\t\t03:30<\/option>\n\t\t\t\t\t\t\t\t\t\t<option value=\"03:45\">\n\t\t\t\t\t\t\t\t\t\t\t03:45<\/option>\n\t\t\t\t\t\t\t\t\t\t\t\t\t\t\t\t\t\t\t\t<option value=\"04:00\">\n\t\t\t\t\t\t\t\t\t\t\t04:00<\/option>\n\t\t\t\t\t\t\t\t\t\t<option value=\"04:15\">\n\t\t\t\t\t\t\t\t\t\t\t04:15<\/option>\n\t\t\t\t\t\t\t\t\t\t<option value=\"04:30\">\n\t\t\t\t\t\t\t\t\t\t\t04:30<\/option>\n\t\t\t\t\t\t\t\t\t\t<option value=\"04:45\">\n\t\t\t\t\t\t\t\t\t\t\t04:45<\/option>\n\t\t\t\t\t\t\t\t\t\t\t\t\t\t\t\t\t\t\t\t<option value=\"05:00\">\n\t\t\t\t\t\t\t\t\t\t\t05:00<\/option>\n\t\t\t\t\t\t\t\t\t\t<option value=\"05:15\">\n\t\t\t\t\t\t\t\t\t\t\t05:15<\/option>\n\t\t\t\t\t\t\t\t\t\t<option value=\"05:30\">\n\t\t\t\t\t\t\t\t\t\t\t05:30<\/option>\n\t\t\t\t\t\t\t\t\t\t<option value=\"05:45\">\n\t\t\t\t\t\t\t\t\t\t\t05:45<\/option>\n\t\t\t\t\t\t\t\t\t\t\t\t\t\t\t\t\t\t\t\t<option value=\"06:00\">\n\t\t\t\t\t\t\t\t\t\t\t06:00<\/option>\n\t\t\t\t\t\t\t\t\t\t<option value=\"06:15\">\n\t\t\t\t\t\t\t\t\t\t\t06:15<\/option>\n\t\t\t\t\t\t\t\t\t\t<option value=\"06:30\">\n\t\t\t\t\t\t\t\t\t\t\t06:30<\/option>\n\t\t\t\t\t\t\t\t\t\t<option value=\"06:45\">\n\t\t\t\t\t\t\t\t\t\t\t06:45<\/option>\n\t\t\t\t\t\t\t\t\t\t\t\t\t\t\t\t\t\t\t\t<option value=\"07:00\">\n\t\t\t\t\t\t\t\t\t\t\t07:00<\/option>\n\t\t\t\t\t\t\t\t\t\t<option value=\"07:15\">\n\t\t\t\t\t\t\t\t\t\t\t07:15<\/option>\n\t\t\t\t\t\t\t\t\t\t<option value=\"07:30\">\n\t\t\t\t\t\t\t\t\t\t\t07:30<\/option>\n\t\t\t\t\t\t\t\t\t\t<option value=\"07:45\">\n\t\t\t\t\t\t\t\t\t\t\t07:45<\/option>\n\t\t\t\t\t\t\t\t\t\t\t\t\t\t\t\t\t\t\t\t<option value=\"08:00\">\n\t\t\t\t\t\t\t\t\t\t\t08:00<\/option>\n\t\t\t\t\t\t\t\t\t\t<option value=\"08:15\">\n\t\t\t\t\t\t\t\t\t\t\t08:15<\/option>\n\t\t\t\t\t\t\t\t\t\t<option value=\"08:30\">\n\t\t\t\t\t\t\t\t\t\t\t08:30<\/option>\n\t\t\t\t\t\t\t\t\t\t<option value=\"08:45\">\n\t\t\t\t\t\t\t\t\t\t\t08:45<\/option>\n\t\t\t\t\t\t\t\t\t\t\t\t\t\t\t\t\t\t\t\t<option value=\"09:00\">\n\t\t\t\t\t\t\t\t\t\t\t09:00<\/option>\n\t\t\t\t\t\t\t\t\t\t<option value=\"09:15\">\n\t\t\t\t\t\t\t\t\t\t\t09:15<\/option>\n\t\t\t\t\t\t\t\t\t\t<option value=\"09:30\">\n\t\t\t\t\t\t\t\t\t\t\t09:30<\/option>\n\t\t\t\t\t\t\t\t\t\t<option value=\"09:45\">\n\t\t\t\t\t\t\t\t\t\t\t09:45<\/option>\n\t\t\t\t\t\t\t\t\t\t\t\t\t\t\t\t\t\t\t\t<option value=\"10:00\">\n\t\t\t\t\t\t\t\t\t\t\t10:00<\/option>\n\t\t\t\t\t\t\t\t\t\t<option value=\"10:15\">\n\t\t\t\t\t\t\t\t\t\t\t10:15<\/option>\n\t\t\t\t\t\t\t\t\t\t<option value=\"10:30\">\n\t\t\t\t\t\t\t\t\t\t\t10:30<\/option>\n\t\t\t\t\t\t\t\t\t\t<option value=\"10:45\">\n\t\t\t\t\t\t\t\t\t\t\t10:45<\/option>\n\t\t\t\t\t\t\t\t\t\t\t\t\t\t\t\t\t\t\t\t<option value=\"11:00\">\n\t\t\t\t\t\t\t\t\t\t\t11:00<\/option>\n\t\t\t\t\t\t\t\t\t\t<option value=\"11:15\">\n\t\t\t\t\t\t\t\t\t\t\t11:15<\/option>\n\t\t\t\t\t\t\t\t\t\t<option value=\"11:30\">\n\t\t\t\t\t\t\t\t\t\t\t11:30<\/option>\n\t\t\t\t\t\t\t\t\t\t<option value=\"11:45\">\n\t\t\t\t\t\t\t\t\t\t\t11:45<\/option>\n\t\t\t\t\t\t\t\t\t\t\t\t\t\t\t\t\t\t\t\t<option value=\"12:00\">\n\t\t\t\t\t\t\t\t\t\t\t12:00<\/option>\n\t\t\t\t\t\t\t\t\t\t<option value=\"12:15\">\n\t\t\t\t\t\t\t\t\t\t\t12:15<\/option>\n\t\t\t\t\t\t\t\t\t\t<option value=\"12:30\">\n\t\t\t\t\t\t\t\t\t\t\t12:30<\/option>\n\t\t\t\t\t\t\t\t\t\t<option value=\"12:45\">\n\t\t\t\t\t\t\t\t\t\t\t12:45<\/option>\n\t\t\t\t\t\t\t\t\t\t\t\t\t\t\t\t\t\t\t\t<option value=\"13:00\">\n\t\t\t\t\t\t\t\t\t\t\t13:00<\/option>\n\t\t\t\t\t\t\t\t\t\t<option value=\"13:15\">\n\t\t\t\t\t\t\t\t\t\t\t13:15<\/option>\n\t\t\t\t\t\t\t\t\t\t<option value=\"13:30\">\n\t\t\t\t\t\t\t\t\t\t\t13:30<\/option>\n\t\t\t\t\t\t\t\t\t\t<option value=\"13:45\">\n\t\t\t\t\t\t\t\t\t\t\t13:45<\/option>\n\t\t\t\t\t\t\t\t\t\t\t\t\t\t\t\t\t\t\t\t<option value=\"14:00\">\n\t\t\t\t\t\t\t\t\t\t\t14:00<\/option>\n\t\t\t\t\t\t\t\t\t\t<option value=\"14:15\">\n\t\t\t\t\t\t\t\t\t\t\t14:15<\/option>\n\t\t\t\t\t\t\t\t\t\t<option value=\"14:30\">\n\t\t\t\t\t\t\t\t\t\t\t14:30<\/option>\n\t\t\t\t\t\t\t\t\t\t<option value=\"14:45\">\n\t\t\t\t\t\t\t\t\t\t\t14:45<\/option>\n\t\t\t\t\t\t\t\t\t\t\t\t\t\t\t\t\t\t\t\t<option value=\"15:00\">\n\t\t\t\t\t\t\t\t\t\t\t15:00<\/option>\n\t\t\t\t\t\t\t\t\t\t<option value=\"15:15\">\n\t\t\t\t\t\t\t\t\t\t\t15:15<\/option>\n\t\t\t\t\t\t\t\t\t\t<option value=\"15:30\">\n\t\t\t\t\t\t\t\t\t\t\t15:30<\/option>\n\t\t\t\t\t\t\t\t\t\t<option value=\"15:45\">\n\t\t\t\t\t\t\t\t\t\t\t15:45<\/option>\n\t\t\t\t\t\t\t\t\t\t\t\t\t\t\t\t\t\t\t\t<option value=\"16:00\">\n\t\t\t\t\t\t\t\t\t\t\t16:00<\/option>\n\t\t\t\t\t\t\t\t\t\t<option value=\"16:15\">\n\t\t\t\t\t\t\t\t\t\t\t16:15<\/option>\n\t\t\t\t\t\t\t\t\t\t<option value=\"16:30\">\n\t\t\t\t\t\t\t\t\t\t\t16:30<\/option>\n\t\t\t\t\t\t\t\t\t\t<option value=\"16:45\">\n\t\t\t\t\t\t\t\t\t\t\t16:45<\/option>\n\t\t\t\t\t\t\t\t\t\t\t\t\t\t\t\t\t\t\t\t<option value=\"17:00\">\n\t\t\t\t\t\t\t\t\t\t\t17:00<\/option>\n\t\t\t\t\t\t\t\t\t\t<option value=\"17:15\">\n\t\t\t\t\t\t\t\t\t\t\t17:15<\/option>\n\t\t\t\t\t\t\t\t\t\t<option value=\"17:30\">\n\t\t\t\t\t\t\t\t\t\t\t17:30<\/option>\n\t\t\t\t\t\t\t\t\t\t<option value=\"17:45\">\n\t\t\t\t\t\t\t\t\t\t\t17:45<\/option>\n\t\t\t\t\t\t\t\t\t\t\t\t\t\t\t\t\t\t\t\t<option value=\"18:00\">\n\t\t\t\t\t\t\t\t\t\t\t18:00<\/option>\n\t\t\t\t\t\t\t\t\t\t<option value=\"18:15\">\n\t\t\t\t\t\t\t\t\t\t\t18:15<\/option>\n\t\t\t\t\t\t\t\t\t\t<option value=\"18:30\">\n\t\t\t\t\t\t\t\t\t\t\t18:30<\/option>\n\t\t\t\t\t\t\t\t\t\t<option value=\"18:45\">\n\t\t\t\t\t\t\t\t\t\t\t18:45<\/option>\n\t\t\t\t\t\t\t\t\t\t\t\t\t\t\t\t\t\t\t\t<option value=\"19:00\">\n\t\t\t\t\t\t\t\t\t\t\t19:00<\/option>\n\t\t\t\t\t\t\t\t\t\t<option value=\"19:15\">\n\t\t\t\t\t\t\t\t\t\t\t19:15<\/option>\n\t\t\t\t\t\t\t\t\t\t<option value=\"19:30\">\n\t\t\t\t\t\t\t\t\t\t\t19:30<\/option>\n\t\t\t\t\t\t\t\t\t\t<option value=\"19:45\">\n\t\t\t\t\t\t\t\t\t\t\t19:45<\/option>\n\t\t\t\t\t\t\t\t\t\t\t\t\t\t\t\t\t\t\t\t<option value=\"20:00\">\n\t\t\t\t\t\t\t\t\t\t\t20:00<\/option>\n\t\t\t\t\t\t\t\t\t\t<option value=\"20:15\">\n\t\t\t\t\t\t\t\t\t\t\t20:15<\/option>\n\t\t\t\t\t\t\t\t\t\t<option value=\"20:30\">\n\t\t\t\t\t\t\t\t\t\t\t20:30<\/option>\n\t\t\t\t\t\t\t\t\t\t<option value=\"20:45\">\n\t\t\t\t\t\t\t\t\t\t\t20:45<\/option>\n\t\t\t\t\t\t\t\t\t\t\t\t\t\t\t\t\t\t\t\t<option value=\"21:00\">\n\t\t\t\t\t\t\t\t\t\t\t21:00<\/option>\n\t\t\t\t\t\t\t\t\t\t<option value=\"21:15\">\n\t\t\t\t\t\t\t\t\t\t\t21:15<\/option>\n\t\t\t\t\t\t\t\t\t\t<option value=\"21:30\">\n\t\t\t\t\t\t\t\t\t\t\t21:30<\/option>\n\t\t\t\t\t\t\t\t\t\t<option value=\"21:45\">\n\t\t\t\t\t\t\t\t\t\t\t21:45<\/option>\n\t\t\t\t\t\t\t\t\t\t\t\t\t\t\t\t\t\t\t\t<option value=\"22:00\">\n\t\t\t\t\t\t\t\t\t\t\t22:00<\/option>\n\t\t\t\t\t\t\t\t\t\t<option value=\"22:15\">\n\t\t\t\t\t\t\t\t\t\t\t22:15<\/option>\n\t\t\t\t\t\t\t\t\t\t<option value=\"22:30\">\n\t\t\t\t\t\t\t\t\t\t\t22:30<\/option>\n\t\t\t\t\t\t\t\t\t\t<option value=\"22:45\">\n\t\t\t\t\t\t\t\t\t\t\t22:45<\/option>\n\t\t\t\t\t\t\t\t\t\t\t\t\t\t\t\t\t\t\t\t<option value=\"23:00\">\n\t\t\t\t\t\t\t\t\t\t\t23:00<\/option>\n\t\t\t\t\t\t\t\t\t\t<option value=\"23:15\">\n\t\t\t\t\t\t\t\t\t\t\t23:15<\/option>\n\t\t\t\t\t\t\t\t\t\t<option value=\"23:30\">\n\t\t\t\t\t\t\t\t\t\t\t23:30<\/option>\n\t\t\t\t\t\t\t\t\t\t<option value=\"23:45\">\n\t\t\t\t\t\t\t\t\t\t\t23:45<\/option>\n\t\t\t\t\t\t\t\t\t\t\t\t\t\t\t\t\t\t\t<\/select>\n\t\t\t\t\t\t\t\t<\/div>\n\t\t\t\t\t\t\t<\/div>\n\t\t\t\t\t\t<\/div>\n\t\t\t\t\t\t<div class=\"col-sm-6\">\n\t\t\t\t\t\t\t<div class=\"form-group\">\n\t\t\t\t\t\t\t\t<div id=\"bookingBox\"><\/div>\n\n\t\t\t\t\t\t\t\t<label for=\"devuelta\"><h4>Terugbrendgend<\/h4><\/label>\n\t\t\t\t\t\t\t\t<select name=\"devuelta\" id=\"devuelta\" class=\"custom-select\">\n\t\t\t\t\t\t\t\t\t<option value=\"airport\"  selected>Luchthaven M\u00e1laga<\/option>\n\t\t\t\t\t\t\t\t\t\t\t\t\t\t\t\t<\/select>\n\n\t\t\t\t\t\t\t\t<div class=\"form-inline my-2\">\n\t\t\t\t\t\t\t\t\t<input id=\"dDate\" class=\"form-control\" value=\"15\/09\/2026\" name=\"dDate\" readonly>\n\t\t\t\t\t\t\t\t\t<select class=\"custom-select\" id=\"dhorasminutos\" name=\"dhorasminutos\" oninvalid=\"setCustomValidity('Laat ons weten wanneer je terugkomt.')\" onchange=\"setCustomValidity('')\">\n\t\t\t\t\t\t\t\t\t\t<option value=\"-\" selected>--:--<\/option>\n\t\t\t\t\t\t\t\t\t\t\t\t\t\t\t\t\t\t\t\t<option value=\"00:00\">\n\t\t\t\t\t\t\t\t\t\t\t00:00<\/option>\n\t\t\t\t\t\t\t\t\t\t<option value=\"00:15\">\n\t\t\t\t\t\t\t\t\t\t\t00:15<\/option>\n\t\t\t\t\t\t\t\t\t\t<option value=\"00:30\">\n\t\t\t\t\t\t\t\t\t\t\t00:30<\/option>\n\t\t\t\t\t\t\t\t\t\t<option value=\"00:45\">\n\t\t\t\t\t\t\t\t\t\t\t00:45<\/option>\n\t\t\t\t\t\t\t\t\t\t\t\t\t\t\t\t\t\t\t\t<option value=\"01:00\">\n\t\t\t\t\t\t\t\t\t\t\t01:00<\/option>\n\t\t\t\t\t\t\t\t\t\t<option value=\"01:15\">\n\t\t\t\t\t\t\t\t\t\t\t01:15<\/option>\n\t\t\t\t\t\t\t\t\t\t<option value=\"01:30\">\n\t\t\t\t\t\t\t\t\t\t\t01:30<\/option>\n\t\t\t\t\t\t\t\t\t\t<option value=\"01:45\">\n\t\t\t\t\t\t\t\t\t\t\t01:45<\/option>\n\t\t\t\t\t\t\t\t\t\t\t\t\t\t\t\t\t\t\t\t<option value=\"02:00\">\n\t\t\t\t\t\t\t\t\t\t\t02:00<\/option>\n\t\t\t\t\t\t\t\t\t\t<option value=\"02:15\">\n\t\t\t\t\t\t\t\t\t\t\t02:15<\/option>\n\t\t\t\t\t\t\t\t\t\t<option value=\"02:30\">\n\t\t\t\t\t\t\t\t\t\t\t02:30<\/option>\n\t\t\t\t\t\t\t\t\t\t<option value=\"02:45\">\n\t\t\t\t\t\t\t\t\t\t\t02:45<\/option>\n\t\t\t\t\t\t\t\t\t\t\t\t\t\t\t\t\t\t\t\t<option value=\"03:00\">\n\t\t\t\t\t\t\t\t\t\t\t03:00<\/option>\n\t\t\t\t\t\t\t\t\t\t<option value=\"03:15\">\n\t\t\t\t\t\t\t\t\t\t\t03:15<\/option>\n\t\t\t\t\t\t\t\t\t\t<option value=\"03:30\">\n\t\t\t\t\t\t\t\t\t\t\t03:30<\/option>\n\t\t\t\t\t\t\t\t\t\t<option value=\"03:45\">\n\t\t\t\t\t\t\t\t\t\t\t03:45<\/option>\n\t\t\t\t\t\t\t\t\t\t\t\t\t\t\t\t\t\t\t\t<option value=\"04:00\">\n\t\t\t\t\t\t\t\t\t\t\t04:00<\/option>\n\t\t\t\t\t\t\t\t\t\t<option value=\"04:15\">\n\t\t\t\t\t\t\t\t\t\t\t04:15<\/option>\n\t\t\t\t\t\t\t\t\t\t<option value=\"04:30\">\n\t\t\t\t\t\t\t\t\t\t\t04:30<\/option>\n\t\t\t\t\t\t\t\t\t\t<option value=\"04:45\">\n\t\t\t\t\t\t\t\t\t\t\t04:45<\/option>\n\t\t\t\t\t\t\t\t\t\t\t\t\t\t\t\t\t\t\t\t<option value=\"05:00\">\n\t\t\t\t\t\t\t\t\t\t\t05:00<\/option>\n\t\t\t\t\t\t\t\t\t\t<option value=\"05:15\">\n\t\t\t\t\t\t\t\t\t\t\t05:15<\/option>\n\t\t\t\t\t\t\t\t\t\t<option value=\"05:30\">\n\t\t\t\t\t\t\t\t\t\t\t05:30<\/option>\n\t\t\t\t\t\t\t\t\t\t<option value=\"05:45\">\n\t\t\t\t\t\t\t\t\t\t\t05:45<\/option>\n\t\t\t\t\t\t\t\t\t\t\t\t\t\t\t\t\t\t\t\t<option value=\"06:00\">\n\t\t\t\t\t\t\t\t\t\t\t06:00<\/option>\n\t\t\t\t\t\t\t\t\t\t<option value=\"06:15\">\n\t\t\t\t\t\t\t\t\t\t\t06:15<\/option>\n\t\t\t\t\t\t\t\t\t\t<option value=\"06:30\">\n\t\t\t\t\t\t\t\t\t\t\t06:30<\/option>\n\t\t\t\t\t\t\t\t\t\t<option value=\"06:45\">\n\t\t\t\t\t\t\t\t\t\t\t06:45<\/option>\n\t\t\t\t\t\t\t\t\t\t\t\t\t\t\t\t\t\t\t\t<option value=\"07:00\">\n\t\t\t\t\t\t\t\t\t\t\t07:00<\/option>\n\t\t\t\t\t\t\t\t\t\t<option value=\"07:15\">\n\t\t\t\t\t\t\t\t\t\t\t07:15<\/option>\n\t\t\t\t\t\t\t\t\t\t<option value=\"07:30\">\n\t\t\t\t\t\t\t\t\t\t\t07:30<\/option>\n\t\t\t\t\t\t\t\t\t\t<option value=\"07:45\">\n\t\t\t\t\t\t\t\t\t\t\t07:45<\/option>\n\t\t\t\t\t\t\t\t\t\t\t\t\t\t\t\t\t\t\t\t<option value=\"08:00\">\n\t\t\t\t\t\t\t\t\t\t\t08:00<\/option>\n\t\t\t\t\t\t\t\t\t\t<option value=\"08:15\">\n\t\t\t\t\t\t\t\t\t\t\t08:15<\/option>\n\t\t\t\t\t\t\t\t\t\t<option value=\"08:30\">\n\t\t\t\t\t\t\t\t\t\t\t08:30<\/option>\n\t\t\t\t\t\t\t\t\t\t<option value=\"08:45\">\n\t\t\t\t\t\t\t\t\t\t\t08:45<\/option>\n\t\t\t\t\t\t\t\t\t\t\t\t\t\t\t\t\t\t\t\t<option value=\"09:00\">\n\t\t\t\t\t\t\t\t\t\t\t09:00<\/option>\n\t\t\t\t\t\t\t\t\t\t<option value=\"09:15\">\n\t\t\t\t\t\t\t\t\t\t\t09:15<\/option>\n\t\t\t\t\t\t\t\t\t\t<option value=\"09:30\">\n\t\t\t\t\t\t\t\t\t\t\t09:30<\/option>\n\t\t\t\t\t\t\t\t\t\t<option value=\"09:45\">\n\t\t\t\t\t\t\t\t\t\t\t09:45<\/option>\n\t\t\t\t\t\t\t\t\t\t\t\t\t\t\t\t\t\t\t\t<option value=\"10:00\">\n\t\t\t\t\t\t\t\t\t\t\t10:00<\/option>\n\t\t\t\t\t\t\t\t\t\t<option value=\"10:15\">\n\t\t\t\t\t\t\t\t\t\t\t10:15<\/option>\n\t\t\t\t\t\t\t\t\t\t<option value=\"10:30\">\n\t\t\t\t\t\t\t\t\t\t\t10:30<\/option>\n\t\t\t\t\t\t\t\t\t\t<option value=\"10:45\">\n\t\t\t\t\t\t\t\t\t\t\t10:45<\/option>\n\t\t\t\t\t\t\t\t\t\t\t\t\t\t\t\t\t\t\t\t<option value=\"11:00\">\n\t\t\t\t\t\t\t\t\t\t\t11:00<\/option>\n\t\t\t\t\t\t\t\t\t\t<option value=\"11:15\">\n\t\t\t\t\t\t\t\t\t\t\t11:15<\/option>\n\t\t\t\t\t\t\t\t\t\t<option value=\"11:30\">\n\t\t\t\t\t\t\t\t\t\t\t11:30<\/option>\n\t\t\t\t\t\t\t\t\t\t<option value=\"11:45\">\n\t\t\t\t\t\t\t\t\t\t\t11:45<\/option>\n\t\t\t\t\t\t\t\t\t\t\t\t\t\t\t\t\t\t\t\t<option value=\"12:00\">\n\t\t\t\t\t\t\t\t\t\t\t12:00<\/option>\n\t\t\t\t\t\t\t\t\t\t<option value=\"12:15\">\n\t\t\t\t\t\t\t\t\t\t\t12:15<\/option>\n\t\t\t\t\t\t\t\t\t\t<option value=\"12:30\">\n\t\t\t\t\t\t\t\t\t\t\t12:30<\/option>\n\t\t\t\t\t\t\t\t\t\t<option value=\"12:45\">\n\t\t\t\t\t\t\t\t\t\t\t12:45<\/option>\n\t\t\t\t\t\t\t\t\t\t\t\t\t\t\t\t\t\t\t\t<option value=\"13:00\">\n\t\t\t\t\t\t\t\t\t\t\t13:00<\/option>\n\t\t\t\t\t\t\t\t\t\t<option value=\"13:15\">\n\t\t\t\t\t\t\t\t\t\t\t13:15<\/option>\n\t\t\t\t\t\t\t\t\t\t<option value=\"13:30\">\n\t\t\t\t\t\t\t\t\t\t\t13:30<\/option>\n\t\t\t\t\t\t\t\t\t\t<option value=\"13:45\">\n\t\t\t\t\t\t\t\t\t\t\t13:45<\/option>\n\t\t\t\t\t\t\t\t\t\t\t\t\t\t\t\t\t\t\t\t<option value=\"14:00\">\n\t\t\t\t\t\t\t\t\t\t\t14:00<\/option>\n\t\t\t\t\t\t\t\t\t\t<option value=\"14:15\">\n\t\t\t\t\t\t\t\t\t\t\t14:15<\/option>\n\t\t\t\t\t\t\t\t\t\t<option value=\"14:30\">\n\t\t\t\t\t\t\t\t\t\t\t14:30<\/option>\n\t\t\t\t\t\t\t\t\t\t<option value=\"14:45\">\n\t\t\t\t\t\t\t\t\t\t\t14:45<\/option>\n\t\t\t\t\t\t\t\t\t\t\t\t\t\t\t\t\t\t\t\t<option value=\"15:00\">\n\t\t\t\t\t\t\t\t\t\t\t15:00<\/option>\n\t\t\t\t\t\t\t\t\t\t<option value=\"15:15\">\n\t\t\t\t\t\t\t\t\t\t\t15:15<\/option>\n\t\t\t\t\t\t\t\t\t\t<option value=\"15:30\">\n\t\t\t\t\t\t\t\t\t\t\t15:30<\/option>\n\t\t\t\t\t\t\t\t\t\t<option value=\"15:45\">\n\t\t\t\t\t\t\t\t\t\t\t15:45<\/option>\n\t\t\t\t\t\t\t\t\t\t\t\t\t\t\t\t\t\t\t\t<option value=\"16:00\">\n\t\t\t\t\t\t\t\t\t\t\t16:00<\/option>\n\t\t\t\t\t\t\t\t\t\t<option value=\"16:15\">\n\t\t\t\t\t\t\t\t\t\t\t16:15<\/option>\n\t\t\t\t\t\t\t\t\t\t<option value=\"16:30\">\n\t\t\t\t\t\t\t\t\t\t\t16:30<\/option>\n\t\t\t\t\t\t\t\t\t\t<option value=\"16:45\">\n\t\t\t\t\t\t\t\t\t\t\t16:45<\/option>\n\t\t\t\t\t\t\t\t\t\t\t\t\t\t\t\t\t\t\t\t<option value=\"17:00\">\n\t\t\t\t\t\t\t\t\t\t\t17:00<\/option>\n\t\t\t\t\t\t\t\t\t\t<option value=\"17:15\">\n\t\t\t\t\t\t\t\t\t\t\t17:15<\/option>\n\t\t\t\t\t\t\t\t\t\t<option value=\"17:30\">\n\t\t\t\t\t\t\t\t\t\t\t17:30<\/option>\n\t\t\t\t\t\t\t\t\t\t<option value=\"17:45\">\n\t\t\t\t\t\t\t\t\t\t\t17:45<\/option>\n\t\t\t\t\t\t\t\t\t\t\t\t\t\t\t\t\t\t\t\t<option value=\"18:00\">\n\t\t\t\t\t\t\t\t\t\t\t18:00<\/option>\n\t\t\t\t\t\t\t\t\t\t<option value=\"18:15\">\n\t\t\t\t\t\t\t\t\t\t\t18:15<\/option>\n\t\t\t\t\t\t\t\t\t\t<option value=\"18:30\">\n\t\t\t\t\t\t\t\t\t\t\t18:30<\/option>\n\t\t\t\t\t\t\t\t\t\t<option value=\"18:45\">\n\t\t\t\t\t\t\t\t\t\t\t18:45<\/option>\n\t\t\t\t\t\t\t\t\t\t\t\t\t\t\t\t\t\t\t\t<option value=\"19:00\">\n\t\t\t\t\t\t\t\t\t\t\t19:00<\/option>\n\t\t\t\t\t\t\t\t\t\t<option value=\"19:15\">\n\t\t\t\t\t\t\t\t\t\t\t19:15<\/option>\n\t\t\t\t\t\t\t\t\t\t<option value=\"19:30\">\n\t\t\t\t\t\t\t\t\t\t\t19:30<\/option>\n\t\t\t\t\t\t\t\t\t\t<option value=\"19:45\">\n\t\t\t\t\t\t\t\t\t\t\t19:45<\/option>\n\t\t\t\t\t\t\t\t\t\t\t\t\t\t\t\t\t\t\t\t<option value=\"20:00\">\n\t\t\t\t\t\t\t\t\t\t\t20:00<\/option>\n\t\t\t\t\t\t\t\t\t\t<option value=\"20:15\">\n\t\t\t\t\t\t\t\t\t\t\t20:15<\/option>\n\t\t\t\t\t\t\t\t\t\t<option value=\"20:30\">\n\t\t\t\t\t\t\t\t\t\t\t20:30<\/option>\n\t\t\t\t\t\t\t\t\t\t<option value=\"20:45\">\n\t\t\t\t\t\t\t\t\t\t\t20:45<\/option>\n\t\t\t\t\t\t\t\t\t\t\t\t\t\t\t\t\t\t\t\t<option value=\"21:00\">\n\t\t\t\t\t\t\t\t\t\t\t21:00<\/option>\n\t\t\t\t\t\t\t\t\t\t<option value=\"21:15\">\n\t\t\t\t\t\t\t\t\t\t\t21:15<\/option>\n\t\t\t\t\t\t\t\t\t\t<option value=\"21:30\">\n\t\t\t\t\t\t\t\t\t\t\t21:30<\/option>\n\t\t\t\t\t\t\t\t\t\t<option value=\"21:45\">\n\t\t\t\t\t\t\t\t\t\t\t21:45<\/option>\n\t\t\t\t\t\t\t\t\t\t\t\t\t\t\t\t\t\t\t\t<option value=\"22:00\">\n\t\t\t\t\t\t\t\t\t\t\t22:00<\/option>\n\t\t\t\t\t\t\t\t\t\t<option value=\"22:15\">\n\t\t\t\t\t\t\t\t\t\t\t22:15<\/option>\n\t\t\t\t\t\t\t\t\t\t<option value=\"22:30\">\n\t\t\t\t\t\t\t\t\t\t\t22:30<\/option>\n\t\t\t\t\t\t\t\t\t\t<option value=\"22:45\">\n\t\t\t\t\t\t\t\t\t\t\t22:45<\/option>\n\t\t\t\t\t\t\t\t\t\t\t\t\t\t\t\t\t\t\t\t<option value=\"23:00\">\n\t\t\t\t\t\t\t\t\t\t\t23:00<\/option>\n\t\t\t\t\t\t\t\t\t\t<option value=\"23:15\">\n\t\t\t\t\t\t\t\t\t\t\t23:15<\/option>\n\t\t\t\t\t\t\t\t\t\t<option value=\"23:30\">\n\t\t\t\t\t\t\t\t\t\t\t23:30<\/option>\n\t\t\t\t\t\t\t\t\t\t<option value=\"23:45\">\n\t\t\t\t\t\t\t\t\t\t\t23:45<\/option>\n\t\t\t\t\t\t\t\t\t\t\t\t\t\t\t\t\t\t\t<\/select>\n\t\t\t\t\t\t\t\t<\/div>\n\t\t\t\t\t\t\t<\/div>\n\t\t\t\t\t\t<\/div>\n\n\t\t\t\t\t<\/div>\n\t\t\t\t\n\n\t\t\t\t\t\t<div class=\"row\">\n                               <div class=\"col-sm-6\">\n\t\t\t\t\t\t\t\t<div class=\"form-group promo-code\">\n\t\t\t\t\t\t\t\t\t\t\t\t\t\t\t\t\t<label for=\"tipogrupo\" class=\"w-50 text-right pr-3 pt-1\">Groep<\/label>\n\t\t\t\t\t\t\t\t\t<select name=\"tipogrupo\" id=\"tipogrupo\" class=\"form-control w-50\">\n\t\t\t\t\t\t\t\t\t<option value=\"0\">Alle auto's<\/option>\n\t\t\t                        <option value=\"1\">Standard<\/option>  \n\t\t\t\t\t\t\t\t\t<option value=\"2\" >Automatics<\/option>  \n\t\t\t\t\t\t\t\t\t<option value=\"4\">Minivan<\/option>  \n\t\t\t\t\t\t\t\t\t<option value=\"5\">Cabrio & Sport<\/option>  \n\t\t\t\t\t\t\t\t\t<option value=\"6\">Prestige<\/option>  \n\t\t\t\t\t\t\t\t\t<option value=\"8\">SUV \/ Stationwagen<\/option> \n\t\t\t\t\t\t\t\t\t<option value=\"10\">Camper en Motorhome<\/option>  \t\t\t\t\t\t\t\t\n\t\t\t\t\t\t\t\t<\/select>\t\n\t\t\t\t\t\t\t\t\t\n\t\t\t\t\t\t\t<\/div>\n\t\t\t\t\t\t\t<\/div>\n\t\t\t\t\t\t<div class=\"col-sm-6 align-self-end\">\n\t\t\t\t\t\t\t<div class=\"form-group\">\n\t\t\t\t\t\t\t\t<input type=\"submit\" class=\"btn-quote\" value=\"Get Quote\" onclick=\"return msgAlert()\">\n\t\t\t\t\t\t\t<\/div>\n\t\t\t\t\t\t<\/div>\n\t\t\t\t\t<\/div>\n\t\t\t\t<\/form>\n\t\t\t\t<div class=\"row hide-mini-tablet advantages\">\n\t\t\t\t\t\t<div class=\"col-12\">\n\t\t\t\t\t\t\t<h4 class=\"text-center text-white\">De beste prijzen!<\/h4>\n\t\t\t\t\t\t\t<ul>\n\t\t\t\t\t\t\t\t<li>Groot wagenpark aan gloednieuwe wagens.<\/li>\n\t\t\t\t\t\t\t\t<li>Betalen bij aankomst.<\/li>\n\t\t\t\t\t\t\t\t<li>Wat je ziet is wat je betaalt.<\/li>\n\t\t\t\t\t\t\t\t<li>Geen creditcard nodig om te boeken.<\/li>\n\t\t\t\t\t\t\t\t<li>VIP bezorgservice gratis.<\/li>\n\t\t\t\t\t\t\t\t<li><strong class=\"redpassion-alt\">Wij rekenen geen extra kosten<\/strong> voor onze bijtank service.<\/li>\n\t\t\t\t\t\t\t<\/ul>\n\t\t\t\t\t\t<\/div>\n\t\t\t\t\t<\/div>\n\t\t\t\t<\/div>\n\t\t\t<br clear=\"all\">\n\n","protected":false},"excerpt":{"rendered":"<p>Vandaag nemen we je mee voor een wandeling langs twee van de meest iconische plekken in het centrum van M\u00e1laga: Calle Larios en de Alameda Principal. Deze twee locaties liggen in het hart van M\u00e1laga, op een steenworp afstand van het prachtige Muelle Uno (Pier 1), en vormen het kloppende hart van de stad op [&hellip;]<\/p>\n","protected":false},"author":1,"featured_media":7564,"comment_status":"open","ping_status":"closed","sticky":false,"template":"","format":"standard","meta":{"footnotes":""},"categories":[405],"tags":[450,541,307,530],"class_list":["post-7563","post","type-post","status-publish","format-standard","has-post-thumbnail","hentry","category-malaga","tag-activiteiten","tag-gastronomie","tag-malaga","tag-winkelen"],"yoast_head":"<!-- This site is optimized with the Yoast SEO plugin v28.4 - https:\/\/yoast.com\/product\/yoast-seo-wordpress\/ -->\n<title>Calle Larios en Alameda Principal: het elegante hart van M\u00e1laga<\/title>\n<meta name=\"description\" content=\"We nemen je mee voor een wandeling langs twee van de meest iconische plekken in het centrum van M\u00e1laga: Calle Larios en de Alameda Principal.\" \/>\n<meta name=\"robots\" content=\"index, follow, max-snippet:-1, max-image-preview:large, max-video-preview:-1\" \/>\n<link rel=\"canonical\" href=\"https:\/\/www.malagacar.com\/nl\/blog\/malaga\/calle-larios-en-alameda-principal\/\" \/>\n<meta property=\"og:locale\" content=\"nl_NL\" \/>\n<meta property=\"og:type\" content=\"article\" \/>\n<meta property=\"og:title\" content=\"Calle Larios en Alameda Principal: het elegante hart van M\u00e1laga\" \/>\n<meta property=\"og:description\" content=\"We nemen je mee voor een wandeling langs twee van de meest iconische plekken in het centrum van M\u00e1laga: Calle Larios en de Alameda Principal.\" \/>\n<meta property=\"og:url\" content=\"https:\/\/www.malagacar.com\/nl\/blog\/malaga\/calle-larios-en-alameda-principal\/\" \/>\n<meta property=\"og:site_name\" content=\"MalagaCar.com Blog\" \/>\n<meta property=\"article:publisher\" content=\"https:\/\/www.facebook.com\/malagacar\" \/>\n<meta property=\"article:published_time\" content=\"2026-09-04T09:32:41+00:00\" \/>\n<meta property=\"article:modified_time\" content=\"2026-09-04T09:36:34+00:00\" \/>\n<meta property=\"og:image\" content=\"https:\/\/www.malagacar.com\/nl\/blog\/wp-content\/uploads\/2026\/09\/malaga-calle-larios-alameda.jpg\" \/>\n\t<meta property=\"og:image:width\" content=\"1200\" \/>\n\t<meta property=\"og:image:height\" content=\"896\" \/>\n\t<meta property=\"og:image:type\" content=\"image\/jpeg\" \/>\n<meta name=\"author\" content=\"MalagaCar.com\" \/>\n<meta name=\"twitter:label1\" content=\"Geschreven door\" \/>\n\t<meta name=\"twitter:data1\" content=\"MalagaCar.com\" \/>\n\t<meta name=\"twitter:label2\" content=\"Geschatte leestijd\" \/>\n\t<meta name=\"twitter:data2\" content=\"16 minuten\" \/>\n<script type=\"application\/ld+json\" class=\"yoast-schema-graph\">{\"@context\":\"https:\\\/\\\/schema.org\",\"@graph\":[{\"@type\":\"Article\",\"@id\":\"https:\\\/\\\/www.malagacar.com\\\/nl\\\/blog\\\/malaga\\\/calle-larios-en-alameda-principal\\\/#article\",\"isPartOf\":{\"@id\":\"https:\\\/\\\/www.malagacar.com\\\/nl\\\/blog\\\/malaga\\\/calle-larios-en-alameda-principal\\\/\"},\"author\":{\"name\":\"MalagaCar.com\",\"@id\":\"https:\\\/\\\/www.malagacar.com\\\/nl\\\/blog\\\/#\\\/schema\\\/person\\\/fbc37b93c0f5bbdaa54a0a4fc59d8b8c\"},\"headline\":\"Calle Larios en Alameda Principal: het elegante hart van M\u00e1laga\",\"datePublished\":\"2026-09-04T09:32:41+00:00\",\"dateModified\":\"2026-09-04T09:36:34+00:00\",\"mainEntityOfPage\":{\"@id\":\"https:\\\/\\\/www.malagacar.com\\\/nl\\\/blog\\\/malaga\\\/calle-larios-en-alameda-principal\\\/\"},\"wordCount\":2383,\"commentCount\":0,\"publisher\":{\"@id\":\"https:\\\/\\\/www.malagacar.com\\\/nl\\\/blog\\\/#organization\"},\"image\":{\"@id\":\"https:\\\/\\\/www.malagacar.com\\\/nl\\\/blog\\\/malaga\\\/calle-larios-en-alameda-principal\\\/#primaryimage\"},\"thumbnailUrl\":\"https:\\\/\\\/www.malagacar.com\\\/nl\\\/blog\\\/wp-content\\\/uploads\\\/2026\\\/09\\\/malaga-calle-larios-alameda.jpg\",\"keywords\":[\"Activiteiten\",\"Gastronomie\",\"malaga\",\"winkelen\"],\"articleSection\":[\"Malaga\"],\"inLanguage\":\"nl-NL\",\"potentialAction\":[{\"@type\":\"CommentAction\",\"name\":\"Comment\",\"target\":[\"https:\\\/\\\/www.malagacar.com\\\/nl\\\/blog\\\/malaga\\\/calle-larios-en-alameda-principal\\\/#respond\"]}]},{\"@type\":\"WebPage\",\"@id\":\"https:\\\/\\\/www.malagacar.com\\\/nl\\\/blog\\\/malaga\\\/calle-larios-en-alameda-principal\\\/\",\"url\":\"https:\\\/\\\/www.malagacar.com\\\/nl\\\/blog\\\/malaga\\\/calle-larios-en-alameda-principal\\\/\",\"name\":\"Calle Larios en Alameda Principal: het elegante hart van M\u00e1laga\",\"isPartOf\":{\"@id\":\"https:\\\/\\\/www.malagacar.com\\\/nl\\\/blog\\\/#website\"},\"primaryImageOfPage\":{\"@id\":\"https:\\\/\\\/www.malagacar.com\\\/nl\\\/blog\\\/malaga\\\/calle-larios-en-alameda-principal\\\/#primaryimage\"},\"image\":{\"@id\":\"https:\\\/\\\/www.malagacar.com\\\/nl\\\/blog\\\/malaga\\\/calle-larios-en-alameda-principal\\\/#primaryimage\"},\"thumbnailUrl\":\"https:\\\/\\\/www.malagacar.com\\\/nl\\\/blog\\\/wp-content\\\/uploads\\\/2026\\\/09\\\/malaga-calle-larios-alameda.jpg\",\"datePublished\":\"2026-09-04T09:32:41+00:00\",\"dateModified\":\"2026-09-04T09:36:34+00:00\",\"description\":\"We nemen je mee voor een wandeling langs twee van de meest iconische plekken in het centrum van M\u00e1laga: Calle Larios en de Alameda Principal.\",\"breadcrumb\":{\"@id\":\"https:\\\/\\\/www.malagacar.com\\\/nl\\\/blog\\\/malaga\\\/calle-larios-en-alameda-principal\\\/#breadcrumb\"},\"inLanguage\":\"nl-NL\",\"potentialAction\":[{\"@type\":\"ReadAction\",\"target\":[\"https:\\\/\\\/www.malagacar.com\\\/nl\\\/blog\\\/malaga\\\/calle-larios-en-alameda-principal\\\/\"]}]},{\"@type\":\"ImageObject\",\"inLanguage\":\"nl-NL\",\"@id\":\"https:\\\/\\\/www.malagacar.com\\\/nl\\\/blog\\\/malaga\\\/calle-larios-en-alameda-principal\\\/#primaryimage\",\"url\":\"https:\\\/\\\/www.malagacar.com\\\/nl\\\/blog\\\/wp-content\\\/uploads\\\/2026\\\/09\\\/malaga-calle-larios-alameda.jpg\",\"contentUrl\":\"https:\\\/\\\/www.malagacar.com\\\/nl\\\/blog\\\/wp-content\\\/uploads\\\/2026\\\/09\\\/malaga-calle-larios-alameda.jpg\",\"width\":1200,\"height\":896,\"caption\":\"Calle Larios en Alameda Principal\"},{\"@type\":\"BreadcrumbList\",\"@id\":\"https:\\\/\\\/www.malagacar.com\\\/nl\\\/blog\\\/malaga\\\/calle-larios-en-alameda-principal\\\/#breadcrumb\",\"itemListElement\":[{\"@type\":\"ListItem\",\"position\":1,\"name\":\"Home\",\"item\":\"https:\\\/\\\/www.malagacar.com\\\/nl\\\/blog\\\/\"},{\"@type\":\"ListItem\",\"position\":2,\"name\":\"Calle Larios en Alameda Principal: het elegante hart van M\u00e1laga\"}]},{\"@type\":\"WebSite\",\"@id\":\"https:\\\/\\\/www.malagacar.com\\\/nl\\\/blog\\\/#website\",\"url\":\"https:\\\/\\\/www.malagacar.com\\\/nl\\\/blog\\\/\",\"name\":\"MalagaCar.com Blog\",\"description\":\"Nieuws en feiten over auto huren op de luchthaven van Malaga.\",\"publisher\":{\"@id\":\"https:\\\/\\\/www.malagacar.com\\\/nl\\\/blog\\\/#organization\"},\"potentialAction\":[{\"@type\":\"SearchAction\",\"target\":{\"@type\":\"EntryPoint\",\"urlTemplate\":\"https:\\\/\\\/www.malagacar.com\\\/nl\\\/blog\\\/?s={search_term_string}\"},\"query-input\":{\"@type\":\"PropertyValueSpecification\",\"valueRequired\":true,\"valueName\":\"search_term_string\"}}],\"inLanguage\":\"nl-NL\"},{\"@type\":\"Organization\",\"@id\":\"https:\\\/\\\/www.malagacar.com\\\/nl\\\/blog\\\/#organization\",\"name\":\"MalagaCar.com\",\"url\":\"https:\\\/\\\/www.malagacar.com\\\/nl\\\/blog\\\/\",\"logo\":{\"@type\":\"ImageObject\",\"inLanguage\":\"nl-NL\",\"@id\":\"https:\\\/\\\/www.malagacar.com\\\/nl\\\/blog\\\/#\\\/schema\\\/logo\\\/image\\\/\",\"url\":\"https:\\\/\\\/www.malagacar.com\\\/nl\\\/blog\\\/wp-content\\\/uploads\\\/2021\\\/06\\\/logo-malagacar-social.png\",\"contentUrl\":\"https:\\\/\\\/www.malagacar.com\\\/nl\\\/blog\\\/wp-content\\\/uploads\\\/2021\\\/06\\\/logo-malagacar-social.png\",\"width\":900,\"height\":900,\"caption\":\"MalagaCar.com\"},\"image\":{\"@id\":\"https:\\\/\\\/www.malagacar.com\\\/nl\\\/blog\\\/#\\\/schema\\\/logo\\\/image\\\/\"},\"sameAs\":[\"https:\\\/\\\/www.facebook.com\\\/malagacar\",\"https:\\\/\\\/x.com\\\/malagacarcom\",\"https:\\\/\\\/www.instagram.com\\\/malagacar\\\/\",\"https:\\\/\\\/www.linkedin.com\\\/company\\\/malagacar.com\",\"https:\\\/\\\/www.youtube.com\\\/c\\\/MalagacarAirport\"]},{\"@type\":\"Person\",\"@id\":\"https:\\\/\\\/www.malagacar.com\\\/nl\\\/blog\\\/#\\\/schema\\\/person\\\/fbc37b93c0f5bbdaa54a0a4fc59d8b8c\",\"name\":\"MalagaCar.com\",\"image\":{\"@type\":\"ImageObject\",\"inLanguage\":\"nl-NL\",\"@id\":\"https:\\\/\\\/secure.gravatar.com\\\/avatar\\\/296ebc31026e7be05868369e4c596b3239b1582b2fcf8a45de57333e2e82bb82?s=96&d=mm&r=g\",\"url\":\"https:\\\/\\\/secure.gravatar.com\\\/avatar\\\/296ebc31026e7be05868369e4c596b3239b1582b2fcf8a45de57333e2e82bb82?s=96&d=mm&r=g\",\"contentUrl\":\"https:\\\/\\\/secure.gravatar.com\\\/avatar\\\/296ebc31026e7be05868369e4c596b3239b1582b2fcf8a45de57333e2e82bb82?s=96&d=mm&r=g\",\"caption\":\"MalagaCar.com\"},\"sameAs\":[\"https:\\\/\\\/www.malagacar.com\\\/nl\\\/\"]}]}<\/script>\n<!-- \/ Yoast SEO plugin. -->","yoast_head_json":{"title":"Calle Larios en Alameda Principal: het elegante hart van M\u00e1laga","description":"We nemen je mee voor een wandeling langs twee van de meest iconische plekken in het centrum van M\u00e1laga: Calle Larios en de Alameda Principal.","robots":{"index":"index","follow":"follow","max-snippet":"max-snippet:-1","max-image-preview":"max-image-preview:large","max-video-preview":"max-video-preview:-1"},"canonical":"https:\/\/www.malagacar.com\/nl\/blog\/malaga\/calle-larios-en-alameda-principal\/","og_locale":"nl_NL","og_type":"article","og_title":"Calle Larios en Alameda Principal: het elegante hart van M\u00e1laga","og_description":"We nemen je mee voor een wandeling langs twee van de meest iconische plekken in het centrum van M\u00e1laga: Calle Larios en de Alameda Principal.","og_url":"https:\/\/www.malagacar.com\/nl\/blog\/malaga\/calle-larios-en-alameda-principal\/","og_site_name":"MalagaCar.com Blog","article_publisher":"https:\/\/www.facebook.com\/malagacar","article_published_time":"2026-09-04T09:32:41+00:00","article_modified_time":"2026-09-04T09:36:34+00:00","og_image":[{"width":1200,"height":896,"url":"https:\/\/www.malagacar.com\/nl\/blog\/wp-content\/uploads\/2026\/09\/malaga-calle-larios-alameda.jpg","type":"image\/jpeg"}],"author":"MalagaCar.com","twitter_misc":{"Geschreven door":"MalagaCar.com","Geschatte leestijd":"16 minuten"},"schema":{"@context":"https:\/\/schema.org","@graph":[{"@type":"Article","@id":"https:\/\/www.malagacar.com\/nl\/blog\/malaga\/calle-larios-en-alameda-principal\/#article","isPartOf":{"@id":"https:\/\/www.malagacar.com\/nl\/blog\/malaga\/calle-larios-en-alameda-principal\/"},"author":{"name":"MalagaCar.com","@id":"https:\/\/www.malagacar.com\/nl\/blog\/#\/schema\/person\/fbc37b93c0f5bbdaa54a0a4fc59d8b8c"},"headline":"Calle Larios en Alameda Principal: het elegante hart van M\u00e1laga","datePublished":"2026-09-04T09:32:41+00:00","dateModified":"2026-09-04T09:36:34+00:00","mainEntityOfPage":{"@id":"https:\/\/www.malagacar.com\/nl\/blog\/malaga\/calle-larios-en-alameda-principal\/"},"wordCount":2383,"commentCount":0,"publisher":{"@id":"https:\/\/www.malagacar.com\/nl\/blog\/#organization"},"image":{"@id":"https:\/\/www.malagacar.com\/nl\/blog\/malaga\/calle-larios-en-alameda-principal\/#primaryimage"},"thumbnailUrl":"https:\/\/www.malagacar.com\/nl\/blog\/wp-content\/uploads\/2026\/09\/malaga-calle-larios-alameda.jpg","keywords":["Activiteiten","Gastronomie","malaga","winkelen"],"articleSection":["Malaga"],"inLanguage":"nl-NL","potentialAction":[{"@type":"CommentAction","name":"Comment","target":["https:\/\/www.malagacar.com\/nl\/blog\/malaga\/calle-larios-en-alameda-principal\/#respond"]}]},{"@type":"WebPage","@id":"https:\/\/www.malagacar.com\/nl\/blog\/malaga\/calle-larios-en-alameda-principal\/","url":"https:\/\/www.malagacar.com\/nl\/blog\/malaga\/calle-larios-en-alameda-principal\/","name":"Calle Larios en Alameda Principal: het elegante hart van M\u00e1laga","isPartOf":{"@id":"https:\/\/www.malagacar.com\/nl\/blog\/#website"},"primaryImageOfPage":{"@id":"https:\/\/www.malagacar.com\/nl\/blog\/malaga\/calle-larios-en-alameda-principal\/#primaryimage"},"image":{"@id":"https:\/\/www.malagacar.com\/nl\/blog\/malaga\/calle-larios-en-alameda-principal\/#primaryimage"},"thumbnailUrl":"https:\/\/www.malagacar.com\/nl\/blog\/wp-content\/uploads\/2026\/09\/malaga-calle-larios-alameda.jpg","datePublished":"2026-09-04T09:32:41+00:00","dateModified":"2026-09-04T09:36:34+00:00","description":"We nemen je mee voor een wandeling langs twee van de meest iconische plekken in het centrum van M\u00e1laga: Calle Larios en de Alameda Principal.","breadcrumb":{"@id":"https:\/\/www.malagacar.com\/nl\/blog\/malaga\/calle-larios-en-alameda-principal\/#breadcrumb"},"inLanguage":"nl-NL","potentialAction":[{"@type":"ReadAction","target":["https:\/\/www.malagacar.com\/nl\/blog\/malaga\/calle-larios-en-alameda-principal\/"]}]},{"@type":"ImageObject","inLanguage":"nl-NL","@id":"https:\/\/www.malagacar.com\/nl\/blog\/malaga\/calle-larios-en-alameda-principal\/#primaryimage","url":"https:\/\/www.malagacar.com\/nl\/blog\/wp-content\/uploads\/2026\/09\/malaga-calle-larios-alameda.jpg","contentUrl":"https:\/\/www.malagacar.com\/nl\/blog\/wp-content\/uploads\/2026\/09\/malaga-calle-larios-alameda.jpg","width":1200,"height":896,"caption":"Calle Larios en Alameda Principal"},{"@type":"BreadcrumbList","@id":"https:\/\/www.malagacar.com\/nl\/blog\/malaga\/calle-larios-en-alameda-principal\/#breadcrumb","itemListElement":[{"@type":"ListItem","position":1,"name":"Home","item":"https:\/\/www.malagacar.com\/nl\/blog\/"},{"@type":"ListItem","position":2,"name":"Calle Larios en Alameda Principal: het elegante hart van M\u00e1laga"}]},{"@type":"WebSite","@id":"https:\/\/www.malagacar.com\/nl\/blog\/#website","url":"https:\/\/www.malagacar.com\/nl\/blog\/","name":"MalagaCar.com Blog","description":"Nieuws en feiten over auto huren op de luchthaven van Malaga.","publisher":{"@id":"https:\/\/www.malagacar.com\/nl\/blog\/#organization"},"potentialAction":[{"@type":"SearchAction","target":{"@type":"EntryPoint","urlTemplate":"https:\/\/www.malagacar.com\/nl\/blog\/?s={search_term_string}"},"query-input":{"@type":"PropertyValueSpecification","valueRequired":true,"valueName":"search_term_string"}}],"inLanguage":"nl-NL"},{"@type":"Organization","@id":"https:\/\/www.malagacar.com\/nl\/blog\/#organization","name":"MalagaCar.com","url":"https:\/\/www.malagacar.com\/nl\/blog\/","logo":{"@type":"ImageObject","inLanguage":"nl-NL","@id":"https:\/\/www.malagacar.com\/nl\/blog\/#\/schema\/logo\/image\/","url":"https:\/\/www.malagacar.com\/nl\/blog\/wp-content\/uploads\/2021\/06\/logo-malagacar-social.png","contentUrl":"https:\/\/www.malagacar.com\/nl\/blog\/wp-content\/uploads\/2021\/06\/logo-malagacar-social.png","width":900,"height":900,"caption":"MalagaCar.com"},"image":{"@id":"https:\/\/www.malagacar.com\/nl\/blog\/#\/schema\/logo\/image\/"},"sameAs":["https:\/\/www.facebook.com\/malagacar","https:\/\/x.com\/malagacarcom","https:\/\/www.instagram.com\/malagacar\/","https:\/\/www.linkedin.com\/company\/malagacar.com","https:\/\/www.youtube.com\/c\/MalagacarAirport"]},{"@type":"Person","@id":"https:\/\/www.malagacar.com\/nl\/blog\/#\/schema\/person\/fbc37b93c0f5bbdaa54a0a4fc59d8b8c","name":"MalagaCar.com","image":{"@type":"ImageObject","inLanguage":"nl-NL","@id":"https:\/\/secure.gravatar.com\/avatar\/296ebc31026e7be05868369e4c596b3239b1582b2fcf8a45de57333e2e82bb82?s=96&d=mm&r=g","url":"https:\/\/secure.gravatar.com\/avatar\/296ebc31026e7be05868369e4c596b3239b1582b2fcf8a45de57333e2e82bb82?s=96&d=mm&r=g","contentUrl":"https:\/\/secure.gravatar.com\/avatar\/296ebc31026e7be05868369e4c596b3239b1582b2fcf8a45de57333e2e82bb82?s=96&d=mm&r=g","caption":"MalagaCar.com"},"sameAs":["https:\/\/www.malagacar.com\/nl\/"]}]}},"_links":{"self":[{"href":"https:\/\/www.malagacar.com\/nl\/blog\/wp-json\/wp\/v2\/posts\/7563","targetHints":{"allow":["GET"]}}],"collection":[{"href":"https:\/\/www.malagacar.com\/nl\/blog\/wp-json\/wp\/v2\/posts"}],"about":[{"href":"https:\/\/www.malagacar.com\/nl\/blog\/wp-json\/wp\/v2\/types\/post"}],"author":[{"embeddable":true,"href":"https:\/\/www.malagacar.com\/nl\/blog\/wp-json\/wp\/v2\/users\/1"}],"replies":[{"embeddable":true,"href":"https:\/\/www.malagacar.com\/nl\/blog\/wp-json\/wp\/v2\/comments?post=7563"}],"version-history":[{"count":5,"href":"https:\/\/www.malagacar.com\/nl\/blog\/wp-json\/wp\/v2\/posts\/7563\/revisions"}],"predecessor-version":[{"id":7569,"href":"https:\/\/www.malagacar.com\/nl\/blog\/wp-json\/wp\/v2\/posts\/7563\/revisions\/7569"}],"wp:featuredmedia":[{"embeddable":true,"href":"https:\/\/www.malagacar.com\/nl\/blog\/wp-json\/wp\/v2\/media\/7564"}],"wp:attachment":[{"href":"https:\/\/www.malagacar.com\/nl\/blog\/wp-json\/wp\/v2\/media?parent=7563"}],"wp:term":[{"taxonomy":"category","embeddable":true,"href":"https:\/\/www.malagacar.com\/nl\/blog\/wp-json\/wp\/v2\/categories?post=7563"},{"taxonomy":"post_tag","embeddable":true,"href":"https:\/\/www.malagacar.com\/nl\/blog\/wp-json\/wp\/v2\/tags?post=7563"}],"curies":[{"name":"wp","href":"https:\/\/api.w.org\/{rel}","templated":true}]}}